{"id":7074,"date":"2007-03-09T00:00:00","date_gmt":"2007-03-09T03:00:00","guid":{"rendered":"https:\/\/crea-mt.org.br\/portal\/presidente-do-confea-participa-de-eventos-no-es\/"},"modified":"2007-03-09T00:00:00","modified_gmt":"2007-03-09T03:00:00","slug":"presidente-do-confea-participa-de-eventos-no-es","status":"publish","type":"post","link":"https:\/\/www.crea-mt.org.br\/portal\/presidente-do-confea-participa-de-eventos-no-es\/","title":{"rendered":"Presidente do Confea participa de eventos no ES"},"content":{"rendered":"<p>O Plen\u00e1rio da Assembl\u00e9ia Legislativa do Estado do Esp\u00edrito Santo ser\u00e1 palco hoje, 9 de mar\u00e7o, do lan\u00e7amento do 6\u00ba Congresso Capixaba de Profissionais da Engenharia, Arquitetura e Agronomia (Concea) e da abertura do 11\u00ba Planejamento Estrat\u00e9gico Institucional do Crea-ES.<\/p>\n<p>O Presidente do Crea-ES, Eng. civil Luis Fiorotti, conduzir\u00e1 os trabalhos e os participantes e convidados poder\u00e3o conhecer um pouco mais sobre as pol\u00edticas de atua\u00e7\u00e3o do Sistema Confea\/Crea por meio da exposi\u00e7\u00e3o do Presidente do Conselho Federal de Engenharia, Arquitetura e Agronomia (Confea), Eng. Civil Marcos T\u00falio de Melo. Ele ficar\u00e1 em Vit\u00f3ria at\u00e9 dia 11, para participar tamb\u00e9m do 11\u00ba Planejamento Estrat\u00e9gico da Institui\u00e7\u00e3o.<\/p>\n<p>O encontro do 11\u00ba Planejamento Estrat\u00e9gico reunir\u00e1 conselheiros, inspetores, entidades de classe e institui\u00e7\u00f5es de educa\u00e7\u00e3o que contribuir\u00e3o nas discuss\u00f5es de tr\u00eas macro-diretrizes: O Crea a Servi\u00e7o da Coletividade; o Crea e os Desafios Tecnol\u00f3gicos; e o Crea como Modelo de Organiza\u00e7\u00e3o.<\/p>\n<p>Al\u00e9m disso, haver\u00e1 debate sobre a Conjuntura Internacional e Nacional; palestra motivacional e apresenta\u00e7\u00e3o dos resultados da pesquisa de opini\u00e3o encomendada pelo Crea-ES sobre a atua\u00e7\u00e3o da institui\u00e7\u00e3o em 2006.<\/p>\n<p>Servi\u00e7o<br \/>\nO que: lan\u00e7amento 6\u00ba Concea e abertura do 11\u00ba Planejamento Estrat\u00e9gico Institucional do Crea-ES.<br \/>\nOnde: Plen\u00e1rio da Assembl\u00e9ia Legislativa do Esp\u00edrito Santo.<br \/>\nQuando: 9 de mar\u00e7o de 2007, \u00e0s 16 horas.<\/p>\n<p>11\u00ba Planejamento Estrat\u00e9gico Institucional do Crea-ES<br \/>\nLocal: Hotel Praia Sol, Nova Almeida &#8211; Serra (ES)<br \/>\nData: 9 a 11 de mar\u00e7o<\/p>\n<p>Fonte:Crea-ES<\/p>\n","protected":false},"excerpt":{"rendered":"<p>O Plen\u00e1rio da Assembl\u00e9ia Legislativa do Estado do Esp\u00edrito Santo ser\u00e1 palco hoje, 9 de mar\u00e7o, do lan\u00e7amento do 6\u00ba Congresso Capixaba de Profissionais da Engenharia, Arquitetura e Agronomia (Concea) e da abertura do 11\u00ba Planejamento Estrat\u00e9gico Institucional do Crea-ES. O Presidente do Crea-ES, Eng. civil Luis Fiorotti, conduzir\u00e1 os trabalhos e os participantes e [&hellip;]<\/p>\n","protected":false},"author":1,"featured_media":0,"comment_status":"open","ping_status":"open","sticky":false,"template":"","format":"standard","meta":{"footnotes":""},"categories":[1],"tags":[],"class_list":["post-7074","post","type-post","status-publish","format-standard","hentry","category-noticias"],"acf":[],"_links":{"self":[{"href":"https:\/\/www.crea-mt.org.br\/portal\/wp-json\/wp\/v2\/posts\/7074","targetHints":{"allow":["GET"]}}],"collection":[{"href":"https:\/\/www.crea-mt.org.br\/portal\/wp-json\/wp\/v2\/posts"}],"about":[{"href":"https:\/\/www.crea-mt.org.br\/portal\/wp-json\/wp\/v2\/types\/post"}],"author":[{"embeddable":true,"href":"https:\/\/www.crea-mt.org.br\/portal\/wp-json\/wp\/v2\/users\/1"}],"replies":[{"embeddable":true,"href":"https:\/\/www.crea-mt.org.br\/portal\/wp-json\/wp\/v2\/comments?post=7074"}],"version-history":[{"count":0,"href":"https:\/\/www.crea-mt.org.br\/portal\/wp-json\/wp\/v2\/posts\/7074\/revisions"}],"wp:attachment":[{"href":"https:\/\/www.crea-mt.org.br\/portal\/wp-json\/wp\/v2\/media?parent=7074"}],"wp:term":[{"taxonomy":"category","embeddable":true,"href":"https:\/\/www.crea-mt.org.br\/portal\/wp-json\/wp\/v2\/categories?post=7074"},{"taxonomy":"post_tag","embeddable":true,"href":"https:\/\/www.crea-mt.org.br\/portal\/wp-json\/wp\/v2\/tags?post=7074"}],"curies":[{"name":"wp","href":"https:\/\/api.w.org\/{rel}","templated":true}]}}