{"id":7073,"date":"2007-03-09T00:00:00","date_gmt":"2007-03-09T03:00:00","guid":{"rendered":"https:\/\/crea-mt.org.br\/portal\/estudantes-mostram-interesse-pela-profissao-ao-participar-do-6o-cep\/"},"modified":"2007-03-09T00:00:00","modified_gmt":"2007-03-09T03:00:00","slug":"estudantes-mostram-interesse-pela-profissao-ao-participar-do-6o-cep","status":"publish","type":"post","link":"https:\/\/www.crea-mt.org.br\/portal\/estudantes-mostram-interesse-pela-profissao-ao-participar-do-6o-cep\/","title":{"rendered":"Estudantes mostram interesse pela profiss\u00e3o ao participar do 6\u00ba CEP"},"content":{"rendered":"<p>Mais de 250 alunos, da Escola Agrot\u00e9cnica Federal de Colorado do Oeste, participaram da palestra proferida pelo presidente do Crea-RO (Conselho Regional de Engenharia, Arquitetura e Agronomia de Rond\u00f4nia), Geraldo Sena. Este encontro fez parte das Reuni\u00f5es Preparat\u00f3rias que a entidade realiza no interior do Estado como pr\u00e9via do 6\u00ba Congresso Estadual de Profissionais do Sistema Confea\/Crea, que vai acontecer em Porto Velho, entre os dias 24 e 26 de maio. <\/p>\n<p>Durante palestra, o presidente do Crea-RO fez um diagn\u00f3stico do Conselho, explicando como ele atua e sobre como ocorre a rela\u00e7\u00e3o entre todas as profiss\u00f5es que fazem parte da entidade. Como est\u00e3o distantes da capital, os estudantes mostraram interesse em obter informa\u00e7\u00f5es sobre o exerc\u00edcio profissional e como anda o mercado de trabalho do setor. <\/p>\n<p>Geraldo Sena falou ainda sobre o 6\u00ba CEP, que ser\u00e1 realizado em todos os Estados brasileiros, com o intuito de fomentar a discuss\u00e3o sobre o papel do Sistema Confea\/Crea na miss\u00e3o dos profissionais. O presidente do Crea-RO destacou a import\u00e2ncia da participa\u00e7\u00e3o dos alunos, que s\u00e3o futuros profissionais, na discuss\u00e3o de assuntos que ser\u00e3o transformadas em propostas e mo\u00e7\u00f5es a serem apresentadas no 6\u00ba Congresso Nacional de Profissionais, que ocorrer\u00e1 na seq\u00fc\u00eancia da 64\u00aa Semana Oficial de Engenharia, Arquitetura e Agronomia (SOEAA), no Rio de Janeiro, entre os dias 12 e 18 de agosto. <\/p>\n<p>Fonte: TudoRondonia.com.br<\/p>\n","protected":false},"excerpt":{"rendered":"<p>Mais de 250 alunos, da Escola Agrot\u00e9cnica Federal de Colorado do Oeste, participaram da palestra proferida pelo presidente do Crea-RO (Conselho Regional de Engenharia, Arquitetura e Agronomia de Rond\u00f4nia), Geraldo Sena. Este encontro fez parte das Reuni\u00f5es Preparat\u00f3rias que a entidade realiza no interior do Estado como pr\u00e9via do 6\u00ba Congresso Estadual de Profissionais do [&hellip;]<\/p>\n","protected":false},"author":1,"featured_media":0,"comment_status":"open","ping_status":"open","sticky":false,"template":"","format":"standard","meta":{"footnotes":""},"categories":[1],"tags":[],"class_list":["post-7073","post","type-post","status-publish","format-standard","hentry","category-noticias"],"acf":[],"_links":{"self":[{"href":"https:\/\/www.crea-mt.org.br\/portal\/wp-json\/wp\/v2\/posts\/7073","targetHints":{"allow":["GET"]}}],"collection":[{"href":"https:\/\/www.crea-mt.org.br\/portal\/wp-json\/wp\/v2\/posts"}],"about":[{"href":"https:\/\/www.crea-mt.org.br\/portal\/wp-json\/wp\/v2\/types\/post"}],"author":[{"embeddable":true,"href":"https:\/\/www.crea-mt.org.br\/portal\/wp-json\/wp\/v2\/users\/1"}],"replies":[{"embeddable":true,"href":"https:\/\/www.crea-mt.org.br\/portal\/wp-json\/wp\/v2\/comments?post=7073"}],"version-history":[{"count":0,"href":"https:\/\/www.crea-mt.org.br\/portal\/wp-json\/wp\/v2\/posts\/7073\/revisions"}],"wp:attachment":[{"href":"https:\/\/www.crea-mt.org.br\/portal\/wp-json\/wp\/v2\/media?parent=7073"}],"wp:term":[{"taxonomy":"category","embeddable":true,"href":"https:\/\/www.crea-mt.org.br\/portal\/wp-json\/wp\/v2\/categories?post=7073"},{"taxonomy":"post_tag","embeddable":true,"href":"https:\/\/www.crea-mt.org.br\/portal\/wp-json\/wp\/v2\/tags?post=7073"}],"curies":[{"name":"wp","href":"https:\/\/api.w.org\/{rel}","templated":true}]}}