{"id":7072,"date":"2007-03-09T00:00:00","date_gmt":"2007-03-09T03:00:00","guid":{"rendered":"https:\/\/crea-mt.org.br\/portal\/brasil-apresenta-na-australia-proposta-de-incentivos-de-reducao-do-desmatamento\/"},"modified":"2007-03-09T00:00:00","modified_gmt":"2007-03-09T03:00:00","slug":"brasil-apresenta-na-australia-proposta-de-incentivos-de-reducao-do-desmatamento","status":"publish","type":"post","link":"https:\/\/www.crea-mt.org.br\/portal\/brasil-apresenta-na-australia-proposta-de-incentivos-de-reducao-do-desmatamento\/","title":{"rendered":"Brasil apresenta na Austr\u00e1lia proposta de incentivos de redu\u00e7\u00e3o do desmatamento"},"content":{"rendered":"<p>Fonte: O Estado de S.Paulo<\/p>\n<p>A proposta brasileira para que pa\u00edses desenvolvidos aportem incentivos positivos aos pa\u00edses em desenvolvimento, com o objetivo de auxili\u00e1-los em pol\u00edticas de redu\u00e7\u00e3o de emiss\u00f5es provenientes do desmatamento, est\u00e1 sendo apresentada oficialmente no Semin\u00e1rio Preparat\u00f3rio para o \u00d3rg\u00e3o Subsidi\u00e1rio de Assessoramento Cient\u00edfico (SBSTA) da Conven\u00e7\u00e3o sobre Mudan\u00e7a do Clima.  O evento que teve in\u00edcio nesta quarta-feira (07), em Cairns, na Austr\u00e1lia, re\u00fane representantes de diversos pa\u00edses.<\/p>\n<p>A proposta do Brasil ser\u00e1 considerada, assim como as de outros pa\u00edses, em um workshop t\u00e9cnico que acontece at\u00e9 esta sexta-feira (09), quando encerra o evento.  Uma vers\u00e3o preliminar da proposta foi submetida a um workshop t\u00e9cnico da Conven\u00e7\u00e3o, realizado em Roma, em agosto de 2006, com apresenta\u00e7\u00e3o do secret\u00e1rio de Biodiversidade e Florestas do MMA, Jo\u00e3o Paulo Capobianco.  Tr\u00eas meses depois, a mesma proposta foi apresentada pela ministra Marina Silva na Confer\u00eancia das Partes da Conven\u00e7\u00e3o sobre Mudan\u00e7as Clim\u00e1ticas (COP12), em Nair\u00f3bi, no Qu\u00eania.<\/p>\n<p>De acordo com o diretor de Conserva\u00e7\u00e3o da Biodiversidade do MMA, Paulo Kageyama, que est\u00e1 participando do semin\u00e1rio na Austr\u00e1lia, a proposta ser\u00e1 discutida com todos os pa\u00edses, para tentar chegar a um consenso que contemple a maioria dos pa\u00edses em desenvolvimento com grande biodiversidade e que queiram avan\u00e7ar na redu\u00e7\u00e3o do desmatamento.  &#8220;Tem muito a ver com o Plano de Combate ao Desmatamento, executado pelo MMA com a participa\u00e7\u00e3o de 13 minist\u00e9rios, que reduziu em 52% a taxa de desmatamento entre 2004 e 2006,&#8221; disse.<\/p>\n<p>A proposta est\u00e1 baseada na provis\u00e3o de incentivos positivos, n\u00e3o relacionados ao mercado de carbono.  As redu\u00e7\u00f5es s\u00e3o calculadas de acordo com uma taxa m\u00e9dia de desmatamento pr\u00e9-definida, num per\u00edodo de tempo a ser determinado.  O total de carbono a ser reduzido, e definido de acordo com cada bioma, ser\u00e1 convertido em valor monet\u00e1rio.  O total arrecadado ser\u00e1 dividido entre os pa\u00edses em desenvolvimento participantes, na mesma raz\u00e3o das redu\u00e7\u00f5es de emiss\u00f5es alcan\u00e7adas.  Cabe registrar ainda que os incentivos podem ser transferidos tamb\u00e9m na forma de transfer\u00eancia de tecnologia e capacita\u00e7\u00e3o.<\/p>\n<p>Kageyama explica que, de acordo com a proposta, o pa\u00eds que aderir e apresentar redu\u00e7\u00e3o de desmatamento receber\u00e1 uma compensa\u00e7\u00e3o ap\u00f3s justificar o desmatamento n\u00e3o realizado.  &#8220;N\u00e3o se trata de desmatamento evitado mas sim de uma redu\u00e7\u00e3o do desmatamento a partir de uma Taxa de Refer\u00eancia de Emiss\u00e3o (TRE) para as emiss\u00f5es estipuladas&#8221;, explica.<\/p>\n","protected":false},"excerpt":{"rendered":"<p>Fonte: O Estado de S.Paulo A proposta brasileira para que pa\u00edses desenvolvidos aportem incentivos positivos aos pa\u00edses em desenvolvimento, com o objetivo de auxili\u00e1-los em pol\u00edticas de redu\u00e7\u00e3o de emiss\u00f5es provenientes do desmatamento, est\u00e1 sendo apresentada oficialmente no Semin\u00e1rio Preparat\u00f3rio para o \u00d3rg\u00e3o Subsidi\u00e1rio de Assessoramento Cient\u00edfico (SBSTA) da Conven\u00e7\u00e3o sobre Mudan\u00e7a do Clima. O [&hellip;]<\/p>\n","protected":false},"author":1,"featured_media":0,"comment_status":"open","ping_status":"open","sticky":false,"template":"","format":"standard","meta":{"footnotes":""},"categories":[1],"tags":[],"class_list":["post-7072","post","type-post","status-publish","format-standard","hentry","category-noticias"],"acf":[],"_links":{"self":[{"href":"https:\/\/www.crea-mt.org.br\/portal\/wp-json\/wp\/v2\/posts\/7072","targetHints":{"allow":["GET"]}}],"collection":[{"href":"https:\/\/www.crea-mt.org.br\/portal\/wp-json\/wp\/v2\/posts"}],"about":[{"href":"https:\/\/www.crea-mt.org.br\/portal\/wp-json\/wp\/v2\/types\/post"}],"author":[{"embeddable":true,"href":"https:\/\/www.crea-mt.org.br\/portal\/wp-json\/wp\/v2\/users\/1"}],"replies":[{"embeddable":true,"href":"https:\/\/www.crea-mt.org.br\/portal\/wp-json\/wp\/v2\/comments?post=7072"}],"version-history":[{"count":0,"href":"https:\/\/www.crea-mt.org.br\/portal\/wp-json\/wp\/v2\/posts\/7072\/revisions"}],"wp:attachment":[{"href":"https:\/\/www.crea-mt.org.br\/portal\/wp-json\/wp\/v2\/media?parent=7072"}],"wp:term":[{"taxonomy":"category","embeddable":true,"href":"https:\/\/www.crea-mt.org.br\/portal\/wp-json\/wp\/v2\/categories?post=7072"},{"taxonomy":"post_tag","embeddable":true,"href":"https:\/\/www.crea-mt.org.br\/portal\/wp-json\/wp\/v2\/tags?post=7072"}],"curies":[{"name":"wp","href":"https:\/\/api.w.org\/{rel}","templated":true}]}}