{"id":7068,"date":"2007-03-09T00:00:00","date_gmt":"2007-03-09T03:00:00","guid":{"rendered":"https:\/\/crea-mt.org.br\/portal\/corredor-da-amazonia-pode-ter-mais-verbas\/"},"modified":"2007-03-09T00:00:00","modified_gmt":"2007-03-09T03:00:00","slug":"corredor-da-amazonia-pode-ter-mais-verbas","status":"publish","type":"post","link":"https:\/\/www.crea-mt.org.br\/portal\/corredor-da-amazonia-pode-ter-mais-verbas\/","title":{"rendered":"Corredor da Amaz\u00f4nia pode ter mais verbas"},"content":{"rendered":"<p>Fonte: Amazonas Em Tempo<\/p>\n<p>A assinatura de conv\u00eanios no valor de R$ 10,1 milh\u00f5es, destinados \u00e0 gest\u00e3o do Corredor Central da Amaz\u00f4nia (CCA), poder\u00e1 ser complementada com mais verbas oriundas do Banco da Reconstru\u00e7\u00e3o Alem\u00e3 (KfW, na sigla em alem\u00e3o), ainda este m\u00eas, por conta da visita a Manaus do presidente da Rep\u00fablica Federativa da Alemanha, Horst K\u00f6hler, marcada para dia 12 de mar\u00e7o.<\/p>\n<p>O KfW j\u00e1 financia parte das a\u00e7\u00f5es voltadas \u00e0 implementa\u00e7\u00e3o de unidades de conserva\u00e7\u00e3o (UCs) no Amazonas e ao monitoramento e vigil\u00e2ncia das \u00e1reas que comp\u00f5em o CCA.  Al\u00e9m disso, o ProManejo, do Instituto Brasileiro do Meio Ambiente e dos Recursos Naturais Renov\u00e1veis (Ibama), tamb\u00e9m recebe financiamentos do banco, sendo que uma parcela das verbas totais liberadas anualmente pelo KfW \u00e9 direcionada a pesquisas socioambientais e na \u00e1rea de engenharia florestal em regi\u00f5es vizinhas \u00e0 capital do Amazonas, como o Assentamento Agr\u00edcola Tarum\u00e3 Mirim, com extens\u00e3o aproximada de 12 mil hectares.<\/p>\n<p>Por conta das evid\u00eancias, e tamb\u00e9m devido ao fato de que a partir de abril a Bovespa ir\u00e1 abrigar projetos ambientais em sua Bolsa de Valores Sociais (BVS) _ o que daria margem para o KfW ganhar subs\u00eddio no mercado nacional _ a inten\u00e7\u00e3o de K\u00f6hler pode ser auxiliar com financiamentos o j\u00e1 pomposo fundo de R$ 10,1 milh\u00f5es para o CCA, declarado pela Secretaria de Estado do Meio Ambiente e Desenvolvimento Sustent\u00e1vel (SDS).  De forma que a libera\u00e7\u00e3o de verbas mais substanciais para a gest\u00e3o do Corredor Central da Amaz\u00f4nia possa ser revertida no mercado &#8220;ambiental&#8221; de capitais, mais \u00e0 frente.<\/p>\n<p>O teor da conversa de K\u00f6hler com o governo do Amazonas ainda n\u00e3o foi divulgado pela assessoria do Estado.  Somente foi informado que o l\u00edder alem\u00e3o ter\u00e1 como meta fomentar projetos de combate \u00e0 pobreza.  Todavia, como o KfW j\u00e1 possui tradi\u00e7\u00e3o em liberar financiamentos para projetos madeireiros no Amazonas, sobretudo no que tange ao \u00e2mbito do ProManejo, as discuss\u00f5es tendem a ser direcionadas para esse segmento florestal.<\/p>\n<p>Projeto CCA<\/p>\n<p>O Corredor Central da Amaz\u00f4nia localiza-se no Estado do Amazonas, ocupando uma regi\u00e3o de 246 mil Km2, toda ela de \u00e1reas protegidas, entre terras ind\u00edgenas e Ucs estaduais e federais.  O Projeto Corredores Ecol\u00f3gicos, do qual o CCA faz parte, est\u00e1 inserido no contexto do Subprograma de Unidades de Conserva\u00e7\u00e3o e Manejo de Recursos Naturais e integra os esfor\u00e7os do Programa Piloto para a Prote\u00e7\u00e3o das Florestas Tropicais do Brasil (PPG7), criado pelo Decreto 563\/92, com o objetivo de otimizar os benef\u00edcios oferecidos pelas florestas tropicais contra o aquecimento global do planeta.<\/p>\n","protected":false},"excerpt":{"rendered":"<p>Fonte: Amazonas Em Tempo A assinatura de conv\u00eanios no valor de R$ 10,1 milh\u00f5es, destinados \u00e0 gest\u00e3o do Corredor Central da Amaz\u00f4nia (CCA), poder\u00e1 ser complementada com mais verbas oriundas do Banco da Reconstru\u00e7\u00e3o Alem\u00e3 (KfW, na sigla em alem\u00e3o), ainda este m\u00eas, por conta da visita a Manaus do presidente da Rep\u00fablica Federativa da [&hellip;]<\/p>\n","protected":false},"author":1,"featured_media":0,"comment_status":"open","ping_status":"open","sticky":false,"template":"","format":"standard","meta":{"footnotes":""},"categories":[1],"tags":[],"class_list":["post-7068","post","type-post","status-publish","format-standard","hentry","category-noticias"],"acf":[],"_links":{"self":[{"href":"https:\/\/www.crea-mt.org.br\/portal\/wp-json\/wp\/v2\/posts\/7068","targetHints":{"allow":["GET"]}}],"collection":[{"href":"https:\/\/www.crea-mt.org.br\/portal\/wp-json\/wp\/v2\/posts"}],"about":[{"href":"https:\/\/www.crea-mt.org.br\/portal\/wp-json\/wp\/v2\/types\/post"}],"author":[{"embeddable":true,"href":"https:\/\/www.crea-mt.org.br\/portal\/wp-json\/wp\/v2\/users\/1"}],"replies":[{"embeddable":true,"href":"https:\/\/www.crea-mt.org.br\/portal\/wp-json\/wp\/v2\/comments?post=7068"}],"version-history":[{"count":0,"href":"https:\/\/www.crea-mt.org.br\/portal\/wp-json\/wp\/v2\/posts\/7068\/revisions"}],"wp:attachment":[{"href":"https:\/\/www.crea-mt.org.br\/portal\/wp-json\/wp\/v2\/media?parent=7068"}],"wp:term":[{"taxonomy":"category","embeddable":true,"href":"https:\/\/www.crea-mt.org.br\/portal\/wp-json\/wp\/v2\/categories?post=7068"},{"taxonomy":"post_tag","embeddable":true,"href":"https:\/\/www.crea-mt.org.br\/portal\/wp-json\/wp\/v2\/tags?post=7068"}],"curies":[{"name":"wp","href":"https:\/\/api.w.org\/{rel}","templated":true}]}}