{"id":7066,"date":"2007-03-12T00:00:00","date_gmt":"2007-03-12T03:00:00","guid":{"rendered":"https:\/\/crea-mt.org.br\/portal\/petrobras-suspende-atividade-em-campo-no-equador\/"},"modified":"2007-03-12T00:00:00","modified_gmt":"2007-03-12T03:00:00","slug":"petrobras-suspende-atividade-em-campo-no-equador","status":"publish","type":"post","link":"https:\/\/www.crea-mt.org.br\/portal\/petrobras-suspende-atividade-em-campo-no-equador\/","title":{"rendered":"Petrobras suspende atividade em campo no Equador"},"content":{"rendered":"<p>Fonte: BBC<\/p>\n<p>Segundo o jornal El Universo, produ\u00e7\u00e3o da estatal foi suspensa ap\u00f3s depois que a empresa &#8220;n\u00e3o deu resposta \u00e0s reivindica\u00e7\u00f5es das comunidades&#8221;<\/p>\n<p>A Petrobras suspendeu a explora\u00e7\u00e3o de um campo de petr\u00f3leo no nordeste do Equador, na regi\u00e3o amaz\u00f4nica, informou a imprensa equatoriana nesta sexta-feira, 9.<\/p>\n<p>Citando um comunicado do Comit\u00ea de Direitos Humanos do Estado de Orellana, o di\u00e1rio El Universo afirma que a produ\u00e7\u00e3o foi suspensa depois que a empresa &#8220;n\u00e3o deu resposta \u00e0s reivindica\u00e7\u00f5es das comunidades&#8221;.<\/p>\n<p>A maioria delas s\u00e3o reivindica\u00e7\u00f5es ligadas a projetos de conten\u00e7\u00e3o de danos ambientais e de desenvolvimento local.  O comunicado citado pelo jornal afirma ainda que, nas \u00faltimas horas, o Ex\u00e9rcito equatoriano cercou as imedia\u00e7\u00f5es das instala\u00e7\u00f5es de petr\u00f3leo, o que gerou conflitos e deixou sete feridos.<\/p>\n<p>Desde o in\u00edcio deste m\u00eas, sindicatos de camponeses da prov\u00edncia acusam a empresa brasileira de iniciar perfura\u00e7\u00f5es no campo de Palo Azul sem chegar a um acordo com as comunidades que ser\u00e3o afetadas pela atividade.<\/p>\n<p>De acordo com o El Universo, &#8220;eles pedem que a companhia inicie o asfaltamento das vias, contrate m\u00e3o de obra local com remunera\u00e7\u00e3o de 25 d\u00f3lares (cerca de R$ 50) por dia e cumpra os compromissos e conv\u00eanios para a execu\u00e7\u00e3o dos novos po\u00e7os de petr\u00f3leo na comunidade&#8221;.<\/p>\n<p>Um porta-voz da Petrobras havia qualificado as demandas de &#8220;irrealistas&#8221;, disse o jornal El Com\u00e9rcio.<\/p>\n<p>Produ\u00e7\u00e3o<br \/>\nNo dia anterior, a Petrobras j\u00e1 havia anunciado que reduzia em mais de 75% as suas opera\u00e7\u00f5es em Palo Azul, de acordo com o El Com\u00e9rcio.<\/p>\n<p>O campo produz pouco mais de 35 mil barris di\u00e1rios, longe dos 700 mil barris que o pa\u00eds produz diariamente.  A Petrobras estima que seus investimentos no Equador s\u00e3o de cerca de US$ 350 milh\u00f5es.<\/p>\n<p>A estatal brasileira de petr\u00f3leo desembarcou no Equador em 2003, quando comprou a transnacional Perez Companc, com sede na Argentina e investimentos em diferentes pa\u00edses.<\/p>\n<p>Os maiores investimentos do Brasil no Equador est\u00e3o em obras de infra-estrutura, estimadas em US$ 800 milh\u00f5es, com financiamento do BNDES, entre outros.<\/p>\n<p>Instabilidade<br \/>\nO conflito entre entidades locais e a Petrobras ocorre em um momento em que o Equador vive um momento de crise institucional.  O \u00faltimo epis\u00f3dio \u00e9 uma batalha em que o Congresso do pa\u00eds tenta destituir ju\u00edzes do Tribunal Superior Eleitoral (TSE) e vice-versa.<\/p>\n<p>Na quinta-feira, segundo os jornais equatorianos, em torno de 500 policiais cercaram a sede do Legislativo para impedir a entrada de 57 deputados que haviam sido cassados pelo presidente do tribunal, Jorge Acosta.<\/p>\n<p>A medida, que na pr\u00e1tica suspende o funcionamento do Congresso por falta de quorum, foi uma repres\u00e1lia ao fato de esses deputados &#8211; que o presidente Rafael Correa qualificou de &#8220;m\u00e1fia&#8221; &#8211; terem pedido a destitui\u00e7\u00e3o de ju\u00edzes do TSE, entre eles o pr\u00f3prio Acosta.<\/p>\n<p>No centro da disputa est\u00e1 um referendo popular para reformar a Constitui\u00e7\u00e3o, que foi uma das principais plataformas de campanha de Correa e que deve ser coordenado pelo TSE.<\/p>\n<p>O Congresso havia concordado com a consulta desde que a Assembl\u00e9ia Constituinte, a ser eleita, n\u00e3o anulasse o atual corpo Legislativo.<\/p>\n<p>Mas o decreto do referendo, que prev\u00ea a realiza\u00e7\u00e3o da consulta no dia 15 de abril, abre a possibilidade de que a Constituinte tenha poderes totais.<\/p>\n<p>Na quinta-feira, ainda de acordo com os dois jornais do Equador, o presidente do Congresso, Jorge Cevallos, disse que o Legislativo poderia anular a destitui\u00e7\u00e3o dos ju\u00edzes se o TSE concordar em voltar atr\u00e1s na cassa\u00e7\u00e3o dos deputados.<\/p>\n<p>O TSE ainda n\u00e3o se pronunciou sobre a proposta de Cevallos de &#8220;corrigir os excessos das duas partes&#8221;.<\/p>\n","protected":false},"excerpt":{"rendered":"<p>Fonte: BBC Segundo o jornal El Universo, produ\u00e7\u00e3o da estatal foi suspensa ap\u00f3s depois que a empresa &#8220;n\u00e3o deu resposta \u00e0s reivindica\u00e7\u00f5es das comunidades&#8221; A Petrobras suspendeu a explora\u00e7\u00e3o de um campo de petr\u00f3leo no nordeste do Equador, na regi\u00e3o amaz\u00f4nica, informou a imprensa equatoriana nesta sexta-feira, 9. Citando um comunicado do Comit\u00ea de Direitos [&hellip;]<\/p>\n","protected":false},"author":1,"featured_media":0,"comment_status":"open","ping_status":"open","sticky":false,"template":"","format":"standard","meta":{"footnotes":""},"categories":[1],"tags":[],"class_list":["post-7066","post","type-post","status-publish","format-standard","hentry","category-noticias"],"acf":[],"_links":{"self":[{"href":"https:\/\/www.crea-mt.org.br\/portal\/wp-json\/wp\/v2\/posts\/7066","targetHints":{"allow":["GET"]}}],"collection":[{"href":"https:\/\/www.crea-mt.org.br\/portal\/wp-json\/wp\/v2\/posts"}],"about":[{"href":"https:\/\/www.crea-mt.org.br\/portal\/wp-json\/wp\/v2\/types\/post"}],"author":[{"embeddable":true,"href":"https:\/\/www.crea-mt.org.br\/portal\/wp-json\/wp\/v2\/users\/1"}],"replies":[{"embeddable":true,"href":"https:\/\/www.crea-mt.org.br\/portal\/wp-json\/wp\/v2\/comments?post=7066"}],"version-history":[{"count":0,"href":"https:\/\/www.crea-mt.org.br\/portal\/wp-json\/wp\/v2\/posts\/7066\/revisions"}],"wp:attachment":[{"href":"https:\/\/www.crea-mt.org.br\/portal\/wp-json\/wp\/v2\/media?parent=7066"}],"wp:term":[{"taxonomy":"category","embeddable":true,"href":"https:\/\/www.crea-mt.org.br\/portal\/wp-json\/wp\/v2\/categories?post=7066"},{"taxonomy":"post_tag","embeddable":true,"href":"https:\/\/www.crea-mt.org.br\/portal\/wp-json\/wp\/v2\/tags?post=7066"}],"curies":[{"name":"wp","href":"https:\/\/api.w.org\/{rel}","templated":true}]}}