{"id":7063,"date":"2007-03-12T00:00:00","date_gmt":"2007-03-12T03:00:00","guid":{"rendered":"https:\/\/crea-mt.org.br\/portal\/inspetores-chefes-se-reunem-para-melhorar-a-atuacao-e-fiscalizacao\/"},"modified":"2007-03-12T00:00:00","modified_gmt":"2007-03-12T03:00:00","slug":"inspetores-chefes-se-reunem-para-melhorar-a-atuacao-e-fiscalizacao","status":"publish","type":"post","link":"https:\/\/www.crea-mt.org.br\/portal\/inspetores-chefes-se-reunem-para-melhorar-a-atuacao-e-fiscalizacao\/","title":{"rendered":"Inspetores chefes se re\u00fanem para melhorar a atua\u00e7\u00e3o e fiscaliza\u00e7\u00e3o"},"content":{"rendered":"<p>Fonte:Crea-SC<br \/>\nOs inspetores chefes do CREA-SC se reuniram no \u00faltimo dia 5, no plen\u00e1rio do Conselho, com objetivo de melhorar e padronizar a fiscaliza\u00e7\u00e3o e a atua\u00e7\u00e3o das inspetorias, tra\u00e7ando estrat\u00e9gias para todo o estado, al\u00e9m de integrar os inspetores e os departamentos do Conselho.<\/p>\n<p>A reuni\u00e3o foi importante para a organiza\u00e7\u00e3o dos oito encontros regionais preparat\u00f3rios ao 9\u00ba Congresso Estadual dos Profissionais (CEP), que acontecem nos meses de mar\u00e7o e abril. Os encontros regionais ser\u00e3o organizados pelos inspetores chefes de cada regi\u00e3o e pela comiss\u00e3o organizadora estadual que tem como coordenador o 1\u00ba vice-presidente do CREA-SC, Eng. Civil e Seg. Trab. Carlos Alberto Xavier.<\/p>\n<p>Outro momento importante da reuni\u00e3o foi apresenta\u00e7\u00e3o dos trabalhos do Planejamento Estrat\u00e9gico que est\u00e1 sendo implantado no Conselho, com o coordenador S\u00e9rgio Matos Martins. Al\u00e9m disso, os inspetores foram apresentados aos novos gerentes dos departamentos de administra\u00e7\u00e3o, inform\u00e1tica, recursos humanos e processos, que assumiram a fun\u00e7\u00e3o no in\u00edcio do ano.<\/p>\n","protected":false},"excerpt":{"rendered":"<p>Fonte:Crea-SC Os inspetores chefes do CREA-SC se reuniram no \u00faltimo dia 5, no plen\u00e1rio do Conselho, com objetivo de melhorar e padronizar a fiscaliza\u00e7\u00e3o e a atua\u00e7\u00e3o das inspetorias, tra\u00e7ando estrat\u00e9gias para todo o estado, al\u00e9m de integrar os inspetores e os departamentos do Conselho. A reuni\u00e3o foi importante para a organiza\u00e7\u00e3o dos oito encontros [&hellip;]<\/p>\n","protected":false},"author":1,"featured_media":0,"comment_status":"open","ping_status":"open","sticky":false,"template":"","format":"standard","meta":{"footnotes":""},"categories":[1],"tags":[],"class_list":["post-7063","post","type-post","status-publish","format-standard","hentry","category-noticias"],"acf":[],"_links":{"self":[{"href":"https:\/\/www.crea-mt.org.br\/portal\/wp-json\/wp\/v2\/posts\/7063","targetHints":{"allow":["GET"]}}],"collection":[{"href":"https:\/\/www.crea-mt.org.br\/portal\/wp-json\/wp\/v2\/posts"}],"about":[{"href":"https:\/\/www.crea-mt.org.br\/portal\/wp-json\/wp\/v2\/types\/post"}],"author":[{"embeddable":true,"href":"https:\/\/www.crea-mt.org.br\/portal\/wp-json\/wp\/v2\/users\/1"}],"replies":[{"embeddable":true,"href":"https:\/\/www.crea-mt.org.br\/portal\/wp-json\/wp\/v2\/comments?post=7063"}],"version-history":[{"count":0,"href":"https:\/\/www.crea-mt.org.br\/portal\/wp-json\/wp\/v2\/posts\/7063\/revisions"}],"wp:attachment":[{"href":"https:\/\/www.crea-mt.org.br\/portal\/wp-json\/wp\/v2\/media?parent=7063"}],"wp:term":[{"taxonomy":"category","embeddable":true,"href":"https:\/\/www.crea-mt.org.br\/portal\/wp-json\/wp\/v2\/categories?post=7063"},{"taxonomy":"post_tag","embeddable":true,"href":"https:\/\/www.crea-mt.org.br\/portal\/wp-json\/wp\/v2\/tags?post=7063"}],"curies":[{"name":"wp","href":"https:\/\/api.w.org\/{rel}","templated":true}]}}