{"id":7062,"date":"2007-03-12T00:00:00","date_gmt":"2007-03-12T03:00:00","guid":{"rendered":"https:\/\/crea-mt.org.br\/portal\/palestra-defende-mudanca-de-postura-no-sistema-2\/"},"modified":"2007-03-12T00:00:00","modified_gmt":"2007-03-12T03:00:00","slug":"palestra-defende-mudanca-de-postura-no-sistema-2","status":"publish","type":"post","link":"https:\/\/www.crea-mt.org.br\/portal\/palestra-defende-mudanca-de-postura-no-sistema-2\/","title":{"rendered":"Palestra defende mudan\u00e7a de postura no Sistema"},"content":{"rendered":"<p>Fonte:Confea<\/p>\n<p>A primeira atividade do Encontro de Lideran\u00e7as \/ Semin\u00e1rio de Intergra\u00e7\u00e3o aconteceu na manh\u00e3 de segunda-feira, 12 de mar\u00e7o. Trata-se da palestra Resist\u00eancia e Moderniza\u00e7\u00e3o proferida pelo empres\u00e1rio C\u00e9sar Souza. Os coordenadores de C\u00e2maras Especializadas e presidentes das Entidades Nacionais foram o principal alvo da apresenta\u00e7\u00e3o.<\/p>\n<p>A resist\u00eancia ao novo foi o principal tema da palestra. Segundo Souza, os profissionais tendem a se apegar a uma &#8220;zona de conforto&#8221; que os impede de enxergar as possibilidades que uma grande mudan\u00e7a pode trazer. O palestrante afirmou que certas pessoas admitem a necessidade da mudan\u00e7a, por\u00e9m dizem ser limitadas pelo governo ou pela empresa concorrente, quando o obst\u00e1culo para mudar se encontra na pr\u00f3pria pessoa ou empresa. &#8220;\u00c9 muito f\u00e1cil colocar a justificativa nos outros&#8221;, defendeu Souza. <\/p>\n<p>Ele acredita que o sistema s\u00f3 ser\u00e1 reconhecido pela sociedade e pelo universo profissional como uma institui\u00e7\u00e3o a servi\u00e7o do bem-estar dos brasileiros quando admitir uma mudan\u00e7a de atitude. &#8220;O Planejamento Estrat\u00e9gico do Confea n\u00e3o vai sair do papel se n\u00e3o houver uma mudan\u00e7a de postura&#8221;, ressaltou. Para Souza, o Confea deve adquirir uma pol\u00edtica de forma\u00e7\u00e3o de l\u00edderes. &#8220;L\u00edder n\u00e3o \u00e9 cargo&#8221;, afirmou o empres\u00e1rio. &#8220;Um l\u00edder pensa em formar uma equipe de l\u00edderes de diversos patamares. Aquele que comanda apenas a sua equipe n\u00e3o \u00e9 l\u00edder, e sim, chefe&#8221;, explicou.<\/p>\n<p>C\u00e9sar Souza ajudou na internacionaliza\u00e7\u00e3o da organiza\u00e7\u00e3o brasileira Odebrecht e foi vice-presidente dela em tr\u00eas pa\u00edses (Estados Unidos, Portugal e Angola). Souza foi citado pela revista Exame como um dos cinco palestrantes mais requisitados do Brasil. Ele \u00e9 autor de Voc\u00ea \u00e9 do Tamanho de seus Sonhos e O Momento da sua Virada.<\/p>\n<p>A palestra foi encerrada com apresenta\u00e7\u00e3o de Laura Elion e Edson Arcanjo, que interpretaram a m\u00fasica Amanh\u00e3 de Guilherme Arantes. O Encontro de Lideran\u00e7as \/ Semin\u00e1rio de Integra\u00e7\u00e3o vai at\u00e9 sexta-feira, dia 16 de mar\u00e7o.<\/p>\n","protected":false},"excerpt":{"rendered":"<p>Fonte:Confea A primeira atividade do Encontro de Lideran\u00e7as \/ Semin\u00e1rio de Intergra\u00e7\u00e3o aconteceu na manh\u00e3 de segunda-feira, 12 de mar\u00e7o. Trata-se da palestra Resist\u00eancia e Moderniza\u00e7\u00e3o proferida pelo empres\u00e1rio C\u00e9sar Souza. Os coordenadores de C\u00e2maras Especializadas e presidentes das Entidades Nacionais foram o principal alvo da apresenta\u00e7\u00e3o. A resist\u00eancia ao novo foi o principal tema [&hellip;]<\/p>\n","protected":false},"author":1,"featured_media":0,"comment_status":"open","ping_status":"open","sticky":false,"template":"","format":"standard","meta":{"footnotes":""},"categories":[1],"tags":[],"class_list":["post-7062","post","type-post","status-publish","format-standard","hentry","category-noticias"],"acf":[],"_links":{"self":[{"href":"https:\/\/www.crea-mt.org.br\/portal\/wp-json\/wp\/v2\/posts\/7062","targetHints":{"allow":["GET"]}}],"collection":[{"href":"https:\/\/www.crea-mt.org.br\/portal\/wp-json\/wp\/v2\/posts"}],"about":[{"href":"https:\/\/www.crea-mt.org.br\/portal\/wp-json\/wp\/v2\/types\/post"}],"author":[{"embeddable":true,"href":"https:\/\/www.crea-mt.org.br\/portal\/wp-json\/wp\/v2\/users\/1"}],"replies":[{"embeddable":true,"href":"https:\/\/www.crea-mt.org.br\/portal\/wp-json\/wp\/v2\/comments?post=7062"}],"version-history":[{"count":0,"href":"https:\/\/www.crea-mt.org.br\/portal\/wp-json\/wp\/v2\/posts\/7062\/revisions"}],"wp:attachment":[{"href":"https:\/\/www.crea-mt.org.br\/portal\/wp-json\/wp\/v2\/media?parent=7062"}],"wp:term":[{"taxonomy":"category","embeddable":true,"href":"https:\/\/www.crea-mt.org.br\/portal\/wp-json\/wp\/v2\/categories?post=7062"},{"taxonomy":"post_tag","embeddable":true,"href":"https:\/\/www.crea-mt.org.br\/portal\/wp-json\/wp\/v2\/tags?post=7062"}],"curies":[{"name":"wp","href":"https:\/\/api.w.org\/{rel}","templated":true}]}}