{"id":7061,"date":"2007-03-12T00:00:00","date_gmt":"2007-03-12T03:00:00","guid":{"rendered":"https:\/\/crea-mt.org.br\/portal\/marcos-tulio-destaca-objetivos-do-encontro-2\/"},"modified":"2007-03-12T00:00:00","modified_gmt":"2007-03-12T03:00:00","slug":"marcos-tulio-destaca-objetivos-do-encontro-2","status":"publish","type":"post","link":"https:\/\/www.crea-mt.org.br\/portal\/marcos-tulio-destaca-objetivos-do-encontro-2\/","title":{"rendered":"Marcos T\u00falio destaca objetivos do Encontro"},"content":{"rendered":"<p>Fonte:Confea<br \/>\nOs desafios a enfrentar e os objetivos a serem alcan\u00e7ados foram o destaque do discurso que o presidente do Confea, eng. civil Marcos T\u00falio de Melo, proferiu na manh\u00e3 de hoje, durante a abertura dos trabalhos do II Encontro de Lideran\u00e7as do Sistema Confea\/Crea, que acontece de hoje at\u00e9 6\u00aa feira, 16 de mar\u00e7o, no Hotel Nacional, em Bras\u00edlia.<\/p>\n<p>O evento re\u00fane presidentes de Creas e de Entidades Nacionais, coordenadores de C\u00e2maras Especializadas e representantes de segmentos que comp\u00f5em o Sistema em torno de uma agenda bastante intensa, marcada n\u00e3o s\u00f3 por discuss\u00f5es t\u00e9cnicas, mas por a\u00e7\u00f5es pol\u00edticas como a programada para o dia 14 de mar\u00e7o, 4\u00aa feira, quando visitar\u00e3o deputados e senadores no Congresso Nacional.<\/p>\n<p>Pouco mais de quatro dias depois do Dia da Mulher, T\u00falio encontrou uma brecha para registrar a passagem da data, destacando que aos poucos vem crescendo o n\u00famero de mulheres e l\u00edderes femininas na \u00e1rea tecnol\u00f3gica. &#8220;Esse fato \u00e9 muito importante para o Brasil, que ser\u00e1 o anfitri\u00e3o do Congresso Mundial de Engenheiros, WEC 2008, quando dois f\u00f3runs estar\u00e3o reunidos, o da Mulher e o dos Jovens Profissionais&#8221;.<\/p>\n<p>Para o presidente do Confea, &#8220;\u00e9 preciso qualificar o debate&#8221; proposto para esta semana a fim de que as decis\u00f5es tomadas durante o Encontro de Lideran\u00e7as &#8220;possam se refletir na execu\u00e7\u00e3o de todas as a\u00e7\u00f5es propostas&#8221;.<\/p>\n<p>Entre essas a\u00e7\u00f5es, segundo T\u00falio, est\u00e3o a implementa\u00e7\u00e3o da Resolu\u00e7\u00e3o n\u00ba 1.010\/05; o funcionamento das Comiss\u00f5es de \u00c9tica em todos os Creas; a utiliza\u00e7\u00e3o do Manual de Fiscaliza\u00e7\u00e3o &#8211; como um guia que torne uniforme o trabalho dos agentes fiscalizadores do Sistema &#8211; e ainda, o estabelecimento do novo pacto social e profissional.<\/p>\n<p>Marcos T\u00falio destacou tamb\u00e9m a necessidade de o Sistema projetar a\u00e7\u00f5es que de forma pr\u00f3-ativa colaborem para a efic\u00e1cia do Programa de Acelera\u00e7\u00e3o do Crescimento (PAC). Com rela\u00e7\u00e3o ao projeto que modifica a Lei de Licita\u00e7\u00f5es e Contratos, T\u00falio alertou para o perigo da contrata\u00e7\u00e3o de servi\u00e7os de engenharia por preg\u00e3o. &#8220;N\u00e3o h\u00e1 obra simples na engenharia que justifique esse modelo de licita\u00e7\u00e3o&#8221;, afirmou.<\/p>\n<p>O presidente do Confea defendeu um maior entendimento entre os segmentos que comp\u00f5em o Sistema, visando um planejamento integrado de a\u00e7\u00f5es que pontuem o crescimento da institui\u00e7\u00e3o que em 2008 completa 75 anos de atividades.<\/p>\n<p>Quest\u00f5es como a defesa do sal\u00e1rio-m\u00ednimo profissional e a entrada no pa\u00eds de profissionais estrangeiros sem atender os tr\u00e2mites legais tamb\u00e9m foram assuntos tratados por T\u00falio que n\u00e3o deixou de destacar a necessidade &#8220;imperiosa de uma administra\u00e7\u00e3o moderna para que o Sistema Confea\/Crea se torne mais \u00e1gil e eficiente&#8221;.<\/p>\n","protected":false},"excerpt":{"rendered":"<p>Fonte:Confea Os desafios a enfrentar e os objetivos a serem alcan\u00e7ados foram o destaque do discurso que o presidente do Confea, eng. civil Marcos T\u00falio de Melo, proferiu na manh\u00e3 de hoje, durante a abertura dos trabalhos do II Encontro de Lideran\u00e7as do Sistema Confea\/Crea, que acontece de hoje at\u00e9 6\u00aa feira, 16 de mar\u00e7o, [&hellip;]<\/p>\n","protected":false},"author":1,"featured_media":0,"comment_status":"open","ping_status":"open","sticky":false,"template":"","format":"standard","meta":{"footnotes":""},"categories":[1],"tags":[],"class_list":["post-7061","post","type-post","status-publish","format-standard","hentry","category-noticias"],"acf":[],"_links":{"self":[{"href":"https:\/\/www.crea-mt.org.br\/portal\/wp-json\/wp\/v2\/posts\/7061","targetHints":{"allow":["GET"]}}],"collection":[{"href":"https:\/\/www.crea-mt.org.br\/portal\/wp-json\/wp\/v2\/posts"}],"about":[{"href":"https:\/\/www.crea-mt.org.br\/portal\/wp-json\/wp\/v2\/types\/post"}],"author":[{"embeddable":true,"href":"https:\/\/www.crea-mt.org.br\/portal\/wp-json\/wp\/v2\/users\/1"}],"replies":[{"embeddable":true,"href":"https:\/\/www.crea-mt.org.br\/portal\/wp-json\/wp\/v2\/comments?post=7061"}],"version-history":[{"count":0,"href":"https:\/\/www.crea-mt.org.br\/portal\/wp-json\/wp\/v2\/posts\/7061\/revisions"}],"wp:attachment":[{"href":"https:\/\/www.crea-mt.org.br\/portal\/wp-json\/wp\/v2\/media?parent=7061"}],"wp:term":[{"taxonomy":"category","embeddable":true,"href":"https:\/\/www.crea-mt.org.br\/portal\/wp-json\/wp\/v2\/categories?post=7061"},{"taxonomy":"post_tag","embeddable":true,"href":"https:\/\/www.crea-mt.org.br\/portal\/wp-json\/wp\/v2\/tags?post=7061"}],"curies":[{"name":"wp","href":"https:\/\/api.w.org\/{rel}","templated":true}]}}