{"id":7060,"date":"2007-03-12T00:00:00","date_gmt":"2007-03-12T03:00:00","guid":{"rendered":"https:\/\/crea-mt.org.br\/portal\/encontro-de-liderancas-visa-integracao-3\/"},"modified":"2007-03-12T00:00:00","modified_gmt":"2007-03-12T03:00:00","slug":"encontro-de-liderancas-visa-integracao-3","status":"publish","type":"post","link":"https:\/\/www.crea-mt.org.br\/portal\/encontro-de-liderancas-visa-integracao-3\/","title":{"rendered":"Encontro de lideran\u00e7as visa integra\u00e7\u00e3o"},"content":{"rendered":"<p>Fonte:Confea<br \/>\nQualificar o debate, iniciar mobiliza\u00e7\u00e3o em defesa de projetos de interesse dos profissionais que integram o Sistema Confea\/Creas no Congresso Nacional e buscar a\u00e7\u00f5es e medidas que fortale\u00e7am a presen\u00e7a na sociedade nacional foram os desafios listados pelo presidente do Confea, eng. civil, Marco T\u00falio de Melo, ao abrir o II Encontro de Lideran\u00e7as, hoje, em Bras\u00edlia, com a presen\u00e7a de 400 l\u00edderes nacionais.<\/p>\n<p>A nova configura\u00e7\u00e3o da Comiss\u00e3o de Educa\u00e7\u00e3o e Exerc\u00edcio Profissional que englobou a Atribui\u00e7\u00e3o Profissional com \u00eaxito no processo ao dar maior visibilidade a Resolu\u00e7\u00e3o 1.010 \/2005 &#8211; que trata de registro profissional e compet\u00eancias profissionais &#8211; foi rapidamente apresentada pelo coordenador, Lino Gilberto da Silva.<\/p>\n<p>Ele informou que desde o ano passado busca intensificar a interlocu\u00e7\u00e3o com o Minist\u00e9rio da Educa\u00e7\u00e3o visando conquistar espa\u00e7o para participar do processo de reconhecimento dos cursos integrados pelo Sistema Confea\/Creas. &#8220;Iniciamos um di\u00e1logo e estamos buscando essa participa\u00e7\u00e3o&#8221;, afirmou Lino da Silva.<\/p>\n<p>Entidades Nacionais<br \/>\nO coordenador de Entidades Nacionais (CEDEN), eng. de seguran\u00e7a do trabalho Francisco Machado da Silva, destacou a programa\u00e7\u00e3o desse ano &#8211; o grande encontro de profisisois, o 6\u00ba CNP, a Semana de Engenharia que ser\u00e1 realizada no rio de Janeiro e na qual pela primeira vez ser\u00e3o apresentados trabalhos t\u00e9cnicos elaborados por profissionais e estudantes; o movimento pela \u00e9tica e a mobiliza\u00e7\u00e3o no Congresso Nacional. &#8220;Temos tudo para dar um salto e valorizar as nossas profiss\u00f5es&#8221;, afirmou.<\/p>\n<p>C\u00e2maras especializadas<br \/>\nA id\u00e9ia de incluir os coordenadores de C\u00e2mara para participar dos debates no Plen\u00e1rio e fortalecer a integra\u00e7\u00e3o entre os n\u00edveis de representa\u00e7\u00e3o foi considerada pelo coordenador nacional das C\u00e2maras Especializadas de Engenharia El\u00e9trica, S\u00e9rgio Maur\u00edcio M. Cardoso, uma das mais felizes surgidas dentro do Confea. &#8220;Os coordenadores regionais s\u00e3o o n\u00facleo do Sistema&#8221;, afirmou. Ele, que falou em nome dos coordenadores nacionais de C\u00e2maras, destacou a elabora\u00e7\u00e3o do Manual de Fiscaliza\u00e7\u00e3o que padronizar\u00e1 procedimentos.<\/p>\n<p>M\u00fatua<br \/>\nO presidente da M\u00fatua, a caixa de assist\u00eancia dos profissionais do Sistema, Anjelo da Costa Neto, disse que o planejamento estrat\u00e9gico para o tri\u00eanio 2007\/2009 teve ampla participa\u00e7\u00e3o de todos os profissionais, atrav\u00e9s dos colegiados. &#8220;Vamos buscar sempre essa integra\u00e7\u00e3o especialmente com o CONFEA\/Creas e Col\u00e9gio de Presidentes, pois s\u00f3 vamos acontecer se estivermos juntos&#8221;.<\/p>\n<p>Col\u00e9gio de Presidentes<br \/>\nO coordenador do Col\u00e9gio de Presidentes Afonso Muniz falou da import\u00e2ncia de dar visibilidade ao trabalho dos profissionais do Sistema, destacando a visita \u00e0 C\u00e2mara de Deputados e ao Senado Federal, levando reivindica\u00e7\u00f5es profissionais, como um dos pontos de a\u00e7\u00e3o pol\u00edtica que devem ser adotados com maior freq\u00fc\u00eancia.<\/p>\n<p>J\u00e1 buscando um pacto de fortalecimento dos profissionais, a mesa foi composta, al\u00e9m do presidente Marco T\u00falio de Melo, pelo coordenador da Comiss\u00e3o de \u00c9tica e Exerc\u00edcio Profissional, eng. civil Fernando Luiz Beckman Pereira; pelo coordenador da Comiss\u00e3o de Educa\u00e7\u00e3o e Atribui\u00e7\u00e3o Profissional, o t\u00e9cnico em edifica\u00e7\u00f5es Lino Gilberto da Silva; pela presidente do Crea\/DF, eng. Civil, Lia S\u00e1; pelo coordenador do Col\u00e9gio de Presidentes, eng, civil, Roberto Lemos Muniz; pelo coordenador do Col\u00e9gio de Entidades Nacionais, eng. mec\u00e2nico e de seg. no trabalho, Francisco Machado da Silva. Representando as coordenadorias nacionais, integrou a mesa o eng. eletricista S\u00e9rgio Maur\u00edcio Mendon\u00e7a Cardoso.<\/p>\n<p>Ainda na cerim\u00f4nia de abertura, os ex-coordenadores nacionais de C\u00e2maras Especializadas receberam seus certificados de fun\u00e7\u00e3o e destacaram o cumprimento de metas estabelecidas no in\u00edcio do ano.<\/p>\n<p>Receberam os certificados<br \/>\nO ex-coordenador nacional da Coordenadoria de C\u00e2maras Especializadas de Agronomia, eng. Agr\u00f4nomo \u00c9sio do Nascimento e Silva e o ex-coordenador adjunto Annibal Lacerda Margon; o ex-coordenador nacional da Coordenadoria de C\u00e2maras Especializadas de Engenharia de Agrimensura, eng. Civil Jo\u00e3o Luis de Oliveira Collares e o ex-coordenador adjunto, eng. Civil Carlos Eduardo Domingues e Silva; o ex-coordenador nacional da Coordenadoria de C\u00e2maras Especializadas de Engenharia El\u00e9trica, eng. eletricista S\u00e9rgio Maur\u00edcio Mendon\u00e7a Cardoso e o ex-coordenador adjunto eng.eletricista Carlos Augusto Duarte Alecrim; o ex-coordenador nacional da Coordenadoria de C\u00e2maras Especializadas de Engenharia Industrial, eng. mec\u00e2nico Jorge Nei Brito e o ex-coordenador adjunto, eng. mec\u00e2nico William Alves Barbosa; o ex-coordenador nacional da Coordenadoria de C\u00e2maras Especializadas de Qu\u00edmica, eng. qu\u00edmico Ren\u00ea Oscar Pugsley J\u00fanior e o ex-coordenador adjunto eng. qu\u00edmico Marino Jos\u00e9 Grego e o ex-coordenador nacional da Coordenadoria de C\u00e2maras Especializadas de Geologia e Minas, o ge\u00f3logo Jo\u00e3o Tadeu Nagalli e o ex-coordenador adjunto, ge\u00f3logo Ant\u00f4nio Pedro Ferreira Sousa.<\/p>\n","protected":false},"excerpt":{"rendered":"<p>Fonte:Confea Qualificar o debate, iniciar mobiliza\u00e7\u00e3o em defesa de projetos de interesse dos profissionais que integram o Sistema Confea\/Creas no Congresso Nacional e buscar a\u00e7\u00f5es e medidas que fortale\u00e7am a presen\u00e7a na sociedade nacional foram os desafios listados pelo presidente do Confea, eng. civil, Marco T\u00falio de Melo, ao abrir o II Encontro de Lideran\u00e7as, [&hellip;]<\/p>\n","protected":false},"author":1,"featured_media":0,"comment_status":"open","ping_status":"open","sticky":false,"template":"","format":"standard","meta":{"footnotes":""},"categories":[1],"tags":[],"class_list":["post-7060","post","type-post","status-publish","format-standard","hentry","category-noticias"],"acf":[],"_links":{"self":[{"href":"https:\/\/www.crea-mt.org.br\/portal\/wp-json\/wp\/v2\/posts\/7060","targetHints":{"allow":["GET"]}}],"collection":[{"href":"https:\/\/www.crea-mt.org.br\/portal\/wp-json\/wp\/v2\/posts"}],"about":[{"href":"https:\/\/www.crea-mt.org.br\/portal\/wp-json\/wp\/v2\/types\/post"}],"author":[{"embeddable":true,"href":"https:\/\/www.crea-mt.org.br\/portal\/wp-json\/wp\/v2\/users\/1"}],"replies":[{"embeddable":true,"href":"https:\/\/www.crea-mt.org.br\/portal\/wp-json\/wp\/v2\/comments?post=7060"}],"version-history":[{"count":0,"href":"https:\/\/www.crea-mt.org.br\/portal\/wp-json\/wp\/v2\/posts\/7060\/revisions"}],"wp:attachment":[{"href":"https:\/\/www.crea-mt.org.br\/portal\/wp-json\/wp\/v2\/media?parent=7060"}],"wp:term":[{"taxonomy":"category","embeddable":true,"href":"https:\/\/www.crea-mt.org.br\/portal\/wp-json\/wp\/v2\/categories?post=7060"},{"taxonomy":"post_tag","embeddable":true,"href":"https:\/\/www.crea-mt.org.br\/portal\/wp-json\/wp\/v2\/tags?post=7060"}],"curies":[{"name":"wp","href":"https:\/\/api.w.org\/{rel}","templated":true}]}}