{"id":7059,"date":"2007-03-12T00:00:00","date_gmt":"2007-03-12T03:00:00","guid":{"rendered":"https:\/\/crea-mt.org.br\/portal\/encontro-de-florianopolis-aprova-12-propostas\/"},"modified":"2007-03-12T00:00:00","modified_gmt":"2007-03-12T03:00:00","slug":"encontro-de-florianopolis-aprova-12-propostas","status":"publish","type":"post","link":"https:\/\/www.crea-mt.org.br\/portal\/encontro-de-florianopolis-aprova-12-propostas\/","title":{"rendered":"Encontro de Florian\u00f3polis aprova 12 propostas"},"content":{"rendered":"<p>Fonte:Confea<br \/>\nCerca de 80 profissionais compareceram ao primeiro encontro regional preparat\u00f3rio ao 9\u00ba Congresso Estadual dos Profissionais (CEP). O evento ocorreu dia 6 de mar\u00e7o em Florian\u00f3polis, na sede da Associa\u00e7\u00e3o Catarinense de Engenheiros (ACE). Foram aprovadas 12 propostas, que, junto as dos demais encontros realizados no Estado, ser\u00e3o sistematizadas e encaminhadas ao Congresso Estadual, que acontece nos dias 25 e 26 de maio, em<br \/>\nFlorian\u00f3polis.<\/p>\n<p>As propostas aprovadas no CEP ser\u00e3o enviadas ao 6\u00ba Congresso Nacional dos Profissionais (CNP). O tema central das discuss\u00f5es deste ano \u00e9 &#8220;Pacto Profissional e Social&#8221;, um acordo entre os profissionais do Sistema Confea\/Crea, direcionado \u00e0 melhoria constante da qualidade de seus produtos e servi\u00e7os, \u00e0 efic\u00e1cia de suas organiza\u00e7\u00f5es profissionais, \u00e0 defesa dos interesses sociais e humanos e \u00e0 promo\u00e7\u00e3o do desenvolvimento sustent\u00e1vel.<\/p>\n<p>Ap\u00f3s a abertura do evento, realizada pelo presidente, eng. agron\u00f4mo Raul Zucatto, o coordenador do 9\u00ba CEP e vice-presidente do Conselho, eng. Carlos Alberto Xavier, destacou o objetivo do evento: relatar antigas afinidades e parcerias, buscar mais identidade e profissionalismo de atua\u00e7\u00e3o do Crea. &#8220;Este encontro \u00e9 o in\u00edcio de uma revolu\u00e7\u00e3o, uma renova\u00e7\u00e3o de conceitos. O resultado ser\u00e1 apresentado em forma de Ante-projeto de Lei ao CNP; de Projetos de Resolu\u00e7\u00e3o ao Confea; de Projetos de Atos Normativos ao CREA-SC e ainda as diversas mo\u00e7\u00f5es&#8221;, destacou o coordenador.<\/p>\n<p>O presidente Zucatto ressaltou alguns dos desafios do sistema, que ser\u00e3o discutidos nos encontros. Entre eles, a melhoria da estrutura organizacional do Conselho, o processo de escolha dos dirigentes, o aprofundamento do sistema democr\u00e1tico e uma maior participa\u00e7\u00e3o na \u00e1rea de Ensino. &#8220;Os encontros ser\u00e3o uma oportunidade para que o Crea-SC integre-se com a sociedade e esteja presente nas decis\u00f5es. Assim, poderemos garantir a seguran\u00e7a e a qualidade de vida da comunidade&#8221;, assinalou Zucatto.<\/p>\n<p>A primeira palestra do encontro foi do Superintendente de Programas e Projetos do Confea e ex-presidente do Crea-SC, eng. eletricista Edison Fl\u00e1vio Macedo. Com o tema &#8220;Discutindo o novo Pacto Profissional e Social&#8221;, ele exemplificou a rede de quest\u00f5es que caracterizam o sistema e suas rela\u00e7\u00f5es com a sociedade.<\/p>\n<p>O Coordenador Geral do 6\u00ba CNP, eng. Civil Argemiro Mendon\u00e7a, foi o palestrante seguinte. Ele falou sobre a &#8220;Vis\u00e3o Geral do Pacto Profissional e Social&#8221;. O engenheiro mostrou otimismo em rela\u00e7\u00e3o a esta edi\u00e7\u00e3o do CNP e destacou o diferencial de que todas as inst\u00e2ncias do sistema se comprometeram a lutar pela implementa\u00e7\u00e3o das propostas dentro do sistema e tamb\u00e9m no Congresso Nacional.<\/p>\n<p>&#8220;Outro diferencial desta edi\u00e7\u00e3o do Congresso \u00e9 que as propostas voltar\u00e3o aos CREAs para uma segunda an\u00e1lise&#8221;, lembrou Mendon\u00e7a. &#8220;Isto trar\u00e1 mais credibilidade e uma participa\u00e7\u00e3o mais ampla dos Estados&#8221;, argumentou. Mendon\u00e7a falou ainda sobre a fragmenta\u00e7\u00e3o do Conselho, com a poss\u00edvel cria\u00e7\u00e3o de Conselhos de Arquitetura; sobre o aumento da cria\u00e7\u00e3o de novos cursos, cujo n\u00famero triplicou nos \u00faltimos dez anos e sobre exame de profici\u00eancia, entre outros assuntos.<\/p>\n<p>A \u00faltima palestra foi ministrada pelo Dr. Ant\u00f4nio Carlos Brasil Pinto, professor da UFSC e ex-promotor de Justi\u00e7a da Capital, que falou sobre \u00c9tica Meio Ambiente.<\/p>\n<p>Ap\u00f3s as palestras os participantes reuniram-se em grupos de trabalho dos eixos tem\u00e1ticos: da identidade das profiss\u00f5es e dos profissionais; da efic\u00e1cia do exerc\u00edcio profissional; das finalidades pap\u00e9is institucionais; da adequa\u00e7\u00e3o das estruturas organizacionais; da forma\u00e7\u00e3o profissional adequada; da participa\u00e7\u00e3o profissional desejada; do processo de discuss\u00e3o de um novo pacto.<\/p>\n<p>O evento encerrou ap\u00f3s a Plen\u00e1ria final que sistematizou e aprovou as propostas elaboradas pelos grupos, e a elei\u00e7\u00e3o dos delegados, que representar\u00e3o as regi\u00f5es do Estado no CEP.<\/p>\n","protected":false},"excerpt":{"rendered":"<p>Fonte:Confea Cerca de 80 profissionais compareceram ao primeiro encontro regional preparat\u00f3rio ao 9\u00ba Congresso Estadual dos Profissionais (CEP). O evento ocorreu dia 6 de mar\u00e7o em Florian\u00f3polis, na sede da Associa\u00e7\u00e3o Catarinense de Engenheiros (ACE). Foram aprovadas 12 propostas, que, junto as dos demais encontros realizados no Estado, ser\u00e3o sistematizadas e encaminhadas ao Congresso Estadual, [&hellip;]<\/p>\n","protected":false},"author":1,"featured_media":0,"comment_status":"open","ping_status":"open","sticky":false,"template":"","format":"standard","meta":{"footnotes":""},"categories":[1],"tags":[],"class_list":["post-7059","post","type-post","status-publish","format-standard","hentry","category-noticias"],"acf":[],"_links":{"self":[{"href":"https:\/\/www.crea-mt.org.br\/portal\/wp-json\/wp\/v2\/posts\/7059","targetHints":{"allow":["GET"]}}],"collection":[{"href":"https:\/\/www.crea-mt.org.br\/portal\/wp-json\/wp\/v2\/posts"}],"about":[{"href":"https:\/\/www.crea-mt.org.br\/portal\/wp-json\/wp\/v2\/types\/post"}],"author":[{"embeddable":true,"href":"https:\/\/www.crea-mt.org.br\/portal\/wp-json\/wp\/v2\/users\/1"}],"replies":[{"embeddable":true,"href":"https:\/\/www.crea-mt.org.br\/portal\/wp-json\/wp\/v2\/comments?post=7059"}],"version-history":[{"count":0,"href":"https:\/\/www.crea-mt.org.br\/portal\/wp-json\/wp\/v2\/posts\/7059\/revisions"}],"wp:attachment":[{"href":"https:\/\/www.crea-mt.org.br\/portal\/wp-json\/wp\/v2\/media?parent=7059"}],"wp:term":[{"taxonomy":"category","embeddable":true,"href":"https:\/\/www.crea-mt.org.br\/portal\/wp-json\/wp\/v2\/categories?post=7059"},{"taxonomy":"post_tag","embeddable":true,"href":"https:\/\/www.crea-mt.org.br\/portal\/wp-json\/wp\/v2\/tags?post=7059"}],"curies":[{"name":"wp","href":"https:\/\/api.w.org\/{rel}","templated":true}]}}