{"id":7052,"date":"2007-03-13T00:00:00","date_gmt":"2007-03-13T03:00:00","guid":{"rendered":"https:\/\/crea-mt.org.br\/portal\/dos-segredos-da-mitocondria\/"},"modified":"2007-03-13T00:00:00","modified_gmt":"2007-03-13T03:00:00","slug":"dos-segredos-da-mitocondria","status":"publish","type":"post","link":"https:\/\/www.crea-mt.org.br\/portal\/dos-segredos-da-mitocondria\/","title":{"rendered":"DOS SEGREDOS DA MITOC\u00d4NDRIA"},"content":{"rendered":"<p>Fonte: O Jornal da Unicamp<\/p>\n<p>Os estudos coordenados pelos professores An\u00edbal Vercesi, da Faculdade de Ci\u00eancias M\u00e9dicas, e Anete Pereira de Souza, do Instituto de Biologia, s\u00e3o emblem\u00e1ticos da qualidade da pesquisa produzida nos laborat\u00f3rios da Unicamp. Vercesi, um dos cientistas brasileiros mais citados no exterior por seus trabalhos que relacionam a atividade da mitoc\u00f4ndria \u00e0 morte celular, dedica-se agora a investigar a forma\u00e7\u00e3o de placas de colesterol nos vasos sangu\u00edneos. Segundo dados da ISI, os trabalhos de Vercesi j\u00e1 renderam cerca de 5,5 mil cita\u00e7\u00f5es mundo afora. <\/p>\n<p>A equipe coordenada por Anete Pereira de Souza acaba de elaborar o primeiro mapa funcional da cana-de-a\u00e7\u00facar. A metodologia revela os marcadores moleculares relacionados a caracter\u00edsticas agron\u00f4micas da cultura, indicando os genes respons\u00e1veis por uma maior produtividade de a\u00e7\u00facar, por suscetibilidade a doen\u00e7as ou por resist\u00eancia \u00e0 seca. Os resultados obtidos no transcorrer do projeto foram publicados nas revistas Genome (2004), Theoretical and Applied Genetics (2006) e Plant Breeding (2006). <\/p>\n<p>AS CIENTISTAS QUE FORAM \u00c0 LUTA &#8211; Disserta\u00e7\u00e3o da soci\u00f3loga Maria Inez Montagner (foto) resgata obst\u00e1culos e preconceitos enfrentados por pesquisadoras que, com sucesso, lan\u00e7aram-se no desafio de conciliar suas tarefas dom\u00e9sticas com as atividades acad\u00eamicas na Faculdade de Ci\u00eancias M\u00e9dicas. <\/p>\n<p>PIGNATARI, UM POETA CONCRETISTA NA UNICAMP <\/p>\n<p>PROJETO INVESTIGA S\u00cdNDROME RARA<\/p>\n<p>DOIS CHICOS &#8211; Disserta\u00e7\u00e3o de mestrado analisa a rela\u00e7\u00e3o de Chico Buarque com a arte, o pa\u00eds e o povo brasileiro. Disserta\u00e7\u00e3o de mestrado analisa a rela\u00e7\u00e3o de Chico Buarque com a arte, o pa\u00eds e o povo brasileiro. <\/p>\n<p>SARAIVADA &#8211; O compositor Chico Saraiva volta \u00e0 Unicamp, onde se graduou, para mostrar o seu novo trabalho.<\/p>\n","protected":false},"excerpt":{"rendered":"<p>Fonte: O Jornal da Unicamp Os estudos coordenados pelos professores An\u00edbal Vercesi, da Faculdade de Ci\u00eancias M\u00e9dicas, e Anete Pereira de Souza, do Instituto de Biologia, s\u00e3o emblem\u00e1ticos da qualidade da pesquisa produzida nos laborat\u00f3rios da Unicamp. Vercesi, um dos cientistas brasileiros mais citados no exterior por seus trabalhos que relacionam a atividade da mitoc\u00f4ndria [&hellip;]<\/p>\n","protected":false},"author":1,"featured_media":0,"comment_status":"open","ping_status":"open","sticky":false,"template":"","format":"standard","meta":{"footnotes":""},"categories":[1],"tags":[],"class_list":["post-7052","post","type-post","status-publish","format-standard","hentry","category-noticias"],"acf":[],"_links":{"self":[{"href":"https:\/\/www.crea-mt.org.br\/portal\/wp-json\/wp\/v2\/posts\/7052","targetHints":{"allow":["GET"]}}],"collection":[{"href":"https:\/\/www.crea-mt.org.br\/portal\/wp-json\/wp\/v2\/posts"}],"about":[{"href":"https:\/\/www.crea-mt.org.br\/portal\/wp-json\/wp\/v2\/types\/post"}],"author":[{"embeddable":true,"href":"https:\/\/www.crea-mt.org.br\/portal\/wp-json\/wp\/v2\/users\/1"}],"replies":[{"embeddable":true,"href":"https:\/\/www.crea-mt.org.br\/portal\/wp-json\/wp\/v2\/comments?post=7052"}],"version-history":[{"count":0,"href":"https:\/\/www.crea-mt.org.br\/portal\/wp-json\/wp\/v2\/posts\/7052\/revisions"}],"wp:attachment":[{"href":"https:\/\/www.crea-mt.org.br\/portal\/wp-json\/wp\/v2\/media?parent=7052"}],"wp:term":[{"taxonomy":"category","embeddable":true,"href":"https:\/\/www.crea-mt.org.br\/portal\/wp-json\/wp\/v2\/categories?post=7052"},{"taxonomy":"post_tag","embeddable":true,"href":"https:\/\/www.crea-mt.org.br\/portal\/wp-json\/wp\/v2\/tags?post=7052"}],"curies":[{"name":"wp","href":"https:\/\/api.w.org\/{rel}","templated":true}]}}