{"id":7048,"date":"2007-03-13T00:00:00","date_gmt":"2007-03-13T03:00:00","guid":{"rendered":"https:\/\/crea-mt.org.br\/portal\/pan-americano-de-engenheiros-devera-ser-em-brasilia\/"},"modified":"2007-03-13T00:00:00","modified_gmt":"2007-03-13T03:00:00","slug":"pan-americano-de-engenheiros-devera-ser-em-brasilia","status":"publish","type":"post","link":"https:\/\/www.crea-mt.org.br\/portal\/pan-americano-de-engenheiros-devera-ser-em-brasilia\/","title":{"rendered":"Pan-americano de engenheiros dever\u00e1 ser em Bras\u00edlia"},"content":{"rendered":"<p>Fonte:Confea<\/p>\n<p> 31\u00ba Congresso da Uni\u00e3o Pan-Americana de Associa\u00e7\u00f5es de Engenheiros (Upadi, na sigla em espanhol), que est\u00e1 programado para ser realizado na cidade de Havana, em Cuba, poder\u00e1 ser transferido para Bras\u00edlia, no contexto do Congresso Mundial de Engenheiros (WEC, na sigla em ingl\u00eas).<\/p>\n<p>As negocia\u00e7\u00f5es come\u00e7aram numa miss\u00e3o a Cuba, de que participaram os Presidentes do Conselho Federal de Engenharia, Arquitetura e Agronomia (Confea), eng. civil Marcos T\u00falio de Melo; da Federa\u00e7\u00e3o Brasileira de Associa\u00e7\u00f5es de Engenheiros (Febrae), eng. Carlos Moura; e da Upadi, Cl\u00e1udio Dall&#8217;\u00c1cqua.<\/p>\n<p>Eles discutiram a possibilidade de transfer\u00eancia do evento com o presidente da Uni\u00e3o Nacional de Arquitetos e Engenheiro de Constru\u00e7\u00e3o de Cuba (UNAICC, na sigla em espanhol), J\u00falio Ant\u00f4nio Salgado, e a junta diretiva da entidade, composta por 5 organiza\u00e7\u00f5es profissionais. O principal motivo para realizar os dois eventos no mesmo pa\u00eds \u00e9 que eles t\u00eam o mesmo objetivo e visam a p\u00fablicos semelhantes.<\/p>\n<p>O presidente Marcos T\u00falio considerou a miss\u00e3o vitoriosa e acredita que a poss\u00edvel jun\u00e7\u00e3o dos eventos dar\u00e1 maior proje\u00e7\u00e3o a ambos. &#8220;Pretendemos reunir perto de quatro mil engenheiros de v\u00e1rios pa\u00edses do mundo em dezembro de 2008&#8221;, sublinhou T\u00falio.<\/p>\n<p>Uma nova rodada de negocia\u00e7\u00f5es ser\u00e1 realizada em Bras\u00edlia, nos dias 23 e 24 de mar\u00e7o. Nessa data, Febrae e UNAICC definir\u00e3o detalhes de um poss\u00edvel acordo.<\/p>\n","protected":false},"excerpt":{"rendered":"<p>Fonte:Confea 31\u00ba Congresso da Uni\u00e3o Pan-Americana de Associa\u00e7\u00f5es de Engenheiros (Upadi, na sigla em espanhol), que est\u00e1 programado para ser realizado na cidade de Havana, em Cuba, poder\u00e1 ser transferido para Bras\u00edlia, no contexto do Congresso Mundial de Engenheiros (WEC, na sigla em ingl\u00eas). As negocia\u00e7\u00f5es come\u00e7aram numa miss\u00e3o a Cuba, de que participaram os [&hellip;]<\/p>\n","protected":false},"author":1,"featured_media":0,"comment_status":"open","ping_status":"open","sticky":false,"template":"","format":"standard","meta":{"footnotes":""},"categories":[1],"tags":[],"class_list":["post-7048","post","type-post","status-publish","format-standard","hentry","category-noticias"],"acf":[],"_links":{"self":[{"href":"https:\/\/www.crea-mt.org.br\/portal\/wp-json\/wp\/v2\/posts\/7048","targetHints":{"allow":["GET"]}}],"collection":[{"href":"https:\/\/www.crea-mt.org.br\/portal\/wp-json\/wp\/v2\/posts"}],"about":[{"href":"https:\/\/www.crea-mt.org.br\/portal\/wp-json\/wp\/v2\/types\/post"}],"author":[{"embeddable":true,"href":"https:\/\/www.crea-mt.org.br\/portal\/wp-json\/wp\/v2\/users\/1"}],"replies":[{"embeddable":true,"href":"https:\/\/www.crea-mt.org.br\/portal\/wp-json\/wp\/v2\/comments?post=7048"}],"version-history":[{"count":0,"href":"https:\/\/www.crea-mt.org.br\/portal\/wp-json\/wp\/v2\/posts\/7048\/revisions"}],"wp:attachment":[{"href":"https:\/\/www.crea-mt.org.br\/portal\/wp-json\/wp\/v2\/media?parent=7048"}],"wp:term":[{"taxonomy":"category","embeddable":true,"href":"https:\/\/www.crea-mt.org.br\/portal\/wp-json\/wp\/v2\/categories?post=7048"},{"taxonomy":"post_tag","embeddable":true,"href":"https:\/\/www.crea-mt.org.br\/portal\/wp-json\/wp\/v2\/tags?post=7048"}],"curies":[{"name":"wp","href":"https:\/\/api.w.org\/{rel}","templated":true}]}}