{"id":7046,"date":"2007-03-13T00:00:00","date_gmt":"2007-03-13T03:00:00","guid":{"rendered":"https:\/\/crea-mt.org.br\/portal\/profissionais-aprovam-acoes-da-atual-gestao-do-crea-es\/"},"modified":"2007-03-13T00:00:00","modified_gmt":"2007-03-13T03:00:00","slug":"profissionais-aprovam-acoes-da-atual-gestao-do-crea-es","status":"publish","type":"post","link":"https:\/\/www.crea-mt.org.br\/portal\/profissionais-aprovam-acoes-da-atual-gestao-do-crea-es\/","title":{"rendered":"Profissionais aprovam a\u00e7\u00f5es da atual gest\u00e3o do Crea-ES"},"content":{"rendered":"<p>Fonte:Crea-ES<br \/>\nA primeira exposi\u00e7\u00e3o do 11\u00ba Planejamento Estrat\u00e9gico Institucional do Crea-ES, realizado nos dias 9, 10 e 11 de mar\u00e7o, em Nova Almeida, cidade de Serra (ES), foi realizada pela representante do instituto de pesquisa Enquet, Rita de C\u00e1ssia, que apresentou os resultados da pesquisa de opini\u00e3o encomendada pelo Crea-ES sobre a imagem da institui\u00e7\u00e3o em 2006.<br \/>\nOs servi\u00e7os mais destacados pela expositora foram os relacionados \u00e0 informa\u00e7\u00e3o.<\/p>\n<p>Segundo a avalia\u00e7\u00e3o da pesquisa, 95% dos entrevistados utilizam a Internet como meio de comunica\u00e7\u00e3o e cerca de 85% conhecem e j\u00e1 acessaram o site do Crea-ES. Os dados mostram tamb\u00e9m que o site e a revista T\u00f3picos s\u00e3o os meios mais utilizados pelos profissionais para se informar sobre as a\u00e7\u00f5es do Conselho. Al\u00e9m disso, a pesquisa revelou que o site, assim como a revista, possui credibilidade, informa\u00e7\u00f5es confi\u00e1veis e de interesse do usu\u00e1rio.<\/p>\n<p>Entre os itens importantes para o fortalecimento do Crea-ES, os profissionais abordados consideraram mais importante a atua\u00e7\u00e3o do Conselho nas quest\u00f5es relacionadas ao cumprimento do sal\u00e1rio m\u00ednimo profissional, seguido dos cursos de atualiza\u00e7\u00e3o e da fiscaliza\u00e7\u00e3o do exerc\u00edcio profissional. Os conv\u00eanios e a intera\u00e7\u00e3o com os poderes Executivo, Legislativo e Judici\u00e1rio tamb\u00e9m foram lembrados pelos entrevistados como fatores fundamentais.<\/p>\n<p>Os resultados da pesquisa assinalaram que a presta\u00e7\u00e3o de servi\u00e7os obteve resultado favor\u00e1vel, com cerca de 70% de aprova\u00e7\u00e3o. O setor de atendimento da institui\u00e7\u00e3o foi julgado positivo com grau de satisfa\u00e7\u00e3o girando em torno de 75%. Ao serem perguntados sobre o sentimento que nutrem em rela\u00e7\u00e3o ao Conselho, os entrevistados apontaram entre as op\u00e7\u00f5es o &#8220;respeito&#8221;, com \u00edndice de aproximadamente 42%, e a &#8220;confian\u00e7a&#8221;, com 31%.<\/p>\n<p>O desempenho da gest\u00e3o do atual presidente do Crea-ES, Eng. Civil Luis Fiorotti, tamb\u00e9m foi posto \u00e0 prova. Dos profissionais entrevistados as empresas das \u00e1reas de Engenharia, Arquitetura e Agronomia, 67% consideram entre &#8220;\u00f3timo&#8221; e &#8220;bom&#8221; os trabalhos da atual gest\u00e3o. Na abordagem fora das empresas esse n\u00famero se altera para 59%. Nas duas situa\u00e7\u00f5es, 20% dos entrevistados preferiram n\u00e3o opinar, deixando uma margem pequena de considera\u00e7\u00f5es de n\u00edvel &#8220;regular&#8221; e praticamente nula as op\u00e7\u00f5es &#8220;p\u00e9ssima&#8221; e &#8220;ruim&#8221;.<\/p>\n<p>Segundo o presidente do Crea-ES, Eng. Civil Luis Fiorotti, os altos \u00edndices de aprova\u00e7\u00e3o da atual gest\u00e3o do Crea-ES refletem o esfor\u00e7o coletivo de conselheiros, inspetores, entidades de classe e funcion\u00e1rios. &#8220;Temos a certeza de que continuaremos trabalhando para alcan\u00e7ar \u00edndices cada vez maiores no sentido de atender \u00e0s demandas de profissionais, empresas e sociedade&#8221;, concluiu<\/p>\n","protected":false},"excerpt":{"rendered":"<p>Fonte:Crea-ES A primeira exposi\u00e7\u00e3o do 11\u00ba Planejamento Estrat\u00e9gico Institucional do Crea-ES, realizado nos dias 9, 10 e 11 de mar\u00e7o, em Nova Almeida, cidade de Serra (ES), foi realizada pela representante do instituto de pesquisa Enquet, Rita de C\u00e1ssia, que apresentou os resultados da pesquisa de opini\u00e3o encomendada pelo Crea-ES sobre a imagem da institui\u00e7\u00e3o [&hellip;]<\/p>\n","protected":false},"author":1,"featured_media":0,"comment_status":"open","ping_status":"open","sticky":false,"template":"","format":"standard","meta":{"footnotes":""},"categories":[1],"tags":[],"class_list":["post-7046","post","type-post","status-publish","format-standard","hentry","category-noticias"],"acf":[],"_links":{"self":[{"href":"https:\/\/www.crea-mt.org.br\/portal\/wp-json\/wp\/v2\/posts\/7046","targetHints":{"allow":["GET"]}}],"collection":[{"href":"https:\/\/www.crea-mt.org.br\/portal\/wp-json\/wp\/v2\/posts"}],"about":[{"href":"https:\/\/www.crea-mt.org.br\/portal\/wp-json\/wp\/v2\/types\/post"}],"author":[{"embeddable":true,"href":"https:\/\/www.crea-mt.org.br\/portal\/wp-json\/wp\/v2\/users\/1"}],"replies":[{"embeddable":true,"href":"https:\/\/www.crea-mt.org.br\/portal\/wp-json\/wp\/v2\/comments?post=7046"}],"version-history":[{"count":0,"href":"https:\/\/www.crea-mt.org.br\/portal\/wp-json\/wp\/v2\/posts\/7046\/revisions"}],"wp:attachment":[{"href":"https:\/\/www.crea-mt.org.br\/portal\/wp-json\/wp\/v2\/media?parent=7046"}],"wp:term":[{"taxonomy":"category","embeddable":true,"href":"https:\/\/www.crea-mt.org.br\/portal\/wp-json\/wp\/v2\/categories?post=7046"},{"taxonomy":"post_tag","embeddable":true,"href":"https:\/\/www.crea-mt.org.br\/portal\/wp-json\/wp\/v2\/tags?post=7046"}],"curies":[{"name":"wp","href":"https:\/\/api.w.org\/{rel}","templated":true}]}}