{"id":7045,"date":"2007-03-13T00:00:00","date_gmt":"2007-03-13T03:00:00","guid":{"rendered":"https:\/\/crea-mt.org.br\/portal\/producao-de-combustiveis-e-energia-deve-aquecer-mercado-de-trabalho-2\/"},"modified":"2007-03-13T00:00:00","modified_gmt":"2007-03-13T03:00:00","slug":"producao-de-combustiveis-e-energia-deve-aquecer-mercado-de-trabalho-2","status":"publish","type":"post","link":"https:\/\/www.crea-mt.org.br\/portal\/producao-de-combustiveis-e-energia-deve-aquecer-mercado-de-trabalho-2\/","title":{"rendered":"Produ\u00e7\u00e3o de combust\u00edveis e energia deve aquecer mercado de trabalho"},"content":{"rendered":"<p>Os investimentos do pa\u00eds na produ\u00e7\u00e3o de combust\u00edveis e em formas alternativas de energia deve aumentar a demanda por engenheiros mec\u00e2nicos no mercado de trabalho, afirmam profissionais e associa\u00e7\u00f5es do setor ouvidas pelo G1. <\/p>\n<p>Na semana passada, o presidente dos Estados Unidos, George W. Bush, veio ao Brasil e estabeleceu uma coopera\u00e7\u00e3o t\u00e9cnica com o Governo federal para realizar pesquisas sobre a produ\u00e7\u00e3o de etanol e tamb\u00e9m quanto \u00e0 cria\u00e7\u00e3o de um mercado internacional para o consumo de biocombust\u00edveis. &#8220;O engenheiro mec\u00e2nico pode atuar nessa \u00e1rea desde o come\u00e7o, a constru\u00e7\u00e3o das usinas e refinarias. H\u00e1 uma perspectiva de mercado muito boa&#8221;, diz Ivo Hoffmann, presidente da Federa\u00e7\u00e3o Nacional de Engenharia Mec\u00e2nica e Industrial (Fenemi). <\/p>\n<p>Segundo os profissionais do setor, o engenheiro \u00e9 capacitado para montar a estrutura organizacional da usina, determinar quais os equipamentos adequados, avaliar a qualidade do combust\u00edvel produzido, entre outros trabalhos. A produ\u00e7\u00e3o de petr\u00f3leo e g\u00e1s tamb\u00e9m contrata muitos engenheiros mec\u00e2nicos. &#8220;O mercado deve crescer. A expectativa \u00e9 que at\u00e9 2015 ou 2020, as energias renov\u00e1veis respondam por cerca de 20% da energia usada no pa\u00eds&#8221;, afirma o vice-presidente do Conselho Federal de Engenharia, Arquitetura e Agronomia (Confea), Jaques Sherique. <\/p>\n<p>No campo das energias alternativas a que mais deve concentrar profissionais da \u00e1rea \u00e9 a e\u00f3lica, pois precisa de pessoas para desenvolver as turbinas usadas nesse tipo de engrenagem. &#8220;O [engenheiro] mec\u00e2nico faz o movimento e o qu\u00edmico converte em energia&#8221;, explica o professor Lu\u00eds Gonzaga, coordenador do curso do Instituto Tecnol\u00f3gico da Aeron\u00e1utica (ITA). <\/p>\n<p>De acordo com os especialistas, outras \u00e1reas que, atualmente, geram muitos empregos s\u00e3o as ind\u00fastrias aeron\u00e1utica, naval e automobil\u00edstica, principalmente na produ\u00e7\u00e3o de pe\u00e7as.<\/p>\n<p>Fonte: Portal G1<\/p>\n","protected":false},"excerpt":{"rendered":"<p>Os investimentos do pa\u00eds na produ\u00e7\u00e3o de combust\u00edveis e em formas alternativas de energia deve aumentar a demanda por engenheiros mec\u00e2nicos no mercado de trabalho, afirmam profissionais e associa\u00e7\u00f5es do setor ouvidas pelo G1. Na semana passada, o presidente dos Estados Unidos, George W. Bush, veio ao Brasil e estabeleceu uma coopera\u00e7\u00e3o t\u00e9cnica com o [&hellip;]<\/p>\n","protected":false},"author":1,"featured_media":0,"comment_status":"open","ping_status":"open","sticky":false,"template":"","format":"standard","meta":{"footnotes":""},"categories":[1],"tags":[],"class_list":["post-7045","post","type-post","status-publish","format-standard","hentry","category-noticias"],"acf":[],"_links":{"self":[{"href":"https:\/\/www.crea-mt.org.br\/portal\/wp-json\/wp\/v2\/posts\/7045","targetHints":{"allow":["GET"]}}],"collection":[{"href":"https:\/\/www.crea-mt.org.br\/portal\/wp-json\/wp\/v2\/posts"}],"about":[{"href":"https:\/\/www.crea-mt.org.br\/portal\/wp-json\/wp\/v2\/types\/post"}],"author":[{"embeddable":true,"href":"https:\/\/www.crea-mt.org.br\/portal\/wp-json\/wp\/v2\/users\/1"}],"replies":[{"embeddable":true,"href":"https:\/\/www.crea-mt.org.br\/portal\/wp-json\/wp\/v2\/comments?post=7045"}],"version-history":[{"count":0,"href":"https:\/\/www.crea-mt.org.br\/portal\/wp-json\/wp\/v2\/posts\/7045\/revisions"}],"wp:attachment":[{"href":"https:\/\/www.crea-mt.org.br\/portal\/wp-json\/wp\/v2\/media?parent=7045"}],"wp:term":[{"taxonomy":"category","embeddable":true,"href":"https:\/\/www.crea-mt.org.br\/portal\/wp-json\/wp\/v2\/categories?post=7045"},{"taxonomy":"post_tag","embeddable":true,"href":"https:\/\/www.crea-mt.org.br\/portal\/wp-json\/wp\/v2\/tags?post=7045"}],"curies":[{"name":"wp","href":"https:\/\/api.w.org\/{rel}","templated":true}]}}