{"id":7043,"date":"2007-03-13T00:00:00","date_gmt":"2007-03-13T03:00:00","guid":{"rendered":"https:\/\/crea-mt.org.br\/portal\/palestra-ajuda-profissionais-a-perderem-o-medo-das-cameras\/"},"modified":"2007-03-13T00:00:00","modified_gmt":"2007-03-13T03:00:00","slug":"palestra-ajuda-profissionais-a-perderem-o-medo-das-cameras","status":"publish","type":"post","link":"https:\/\/www.crea-mt.org.br\/portal\/palestra-ajuda-profissionais-a-perderem-o-medo-das-cameras\/","title":{"rendered":"Palestra ajuda profissionais a perderem o medo das c\u00e2meras"},"content":{"rendered":"<p>&#8220;O primeiro impacto \u00e9 a imagem&#8221;. Essa foi a primeira dica que Jo\u00e3o Carlos Amaral ressaltou na palestra &#8220;Socorro!!! Estou na TV&#8221;. A atividade abriu o segundo dia do II Encontro de Lideran\u00e7as do Sistema Confea\/Crea. O objetivo da apresenta\u00e7\u00e3o foi preparar os profissionais para eventuais apari\u00e7\u00f5es na televis\u00e3o.<\/p>\n<p>Em uma hora de apresenta\u00e7\u00e3o, Amaral sugeriu dicas para entrevistas em est\u00fadio, coletivas de imprensa, entre outras ocasi\u00f5es que pressup\u00f5em contato com a m\u00eddia. Dentre os macetes, o jornalista falou sobre roupas e cores apropriadas e sobre a rela\u00e7\u00e3o com a c\u00e2mera. &#8220;Nem sempre um \u00f3timo palestrante se d\u00e1 bem com a c\u00e2mera. A linguagem da televis\u00e3o \u00e9 outra. \u00c9 preciso interagir com a c\u00e2mera&#8221;, aconselha Amaral.<\/p>\n<p>Outra dica fundamental \u00e9 responder \u00e0s perguntas do entrevistador de maneira clara e objetiva. &#8220;Caso se depare com um rep\u00f3rter agressivo, controle a raiva. Nunca brigue com o jornalista durante a entrevista&#8221;, recomendou Amaral.<\/p>\n<p>O jornalista alertou tamb\u00e9m para cuidados com as cordas vocais: n\u00e3o \u00e9 aconselh\u00e1vel fumar, tomar caf\u00e9 momentos antes de entrar no ar ou beber \u00e1gua gelada. Al\u00e9m disso, Amaral lembrou da import\u00e2ncia do fonoaudi\u00f3logo para consertar os v\u00edcios de dic\u00e7\u00e3o.<\/p>\n<p>No in\u00edcio da palestra, o jornalista escolheu duas pessoas da plat\u00e9ia e simulou uma r\u00e1pida entrevista. Ao final da apresenta\u00e7\u00e3o, os di\u00e1logos foram recapitulados no tel\u00e3o e a plat\u00e9ia avaliou os dois colegas de acordo com as dicas dadas ao longo da palestra. Amaral finalizou a apresenta\u00e7\u00e3o com ressalva \u00e0 import\u00e2ncia da imagem na televis\u00e3o. &#8220;Na TV, a palavra \u00e9 uma linha que costura a imagem. \u00c0s vezes, o que \u00e9 dito \u00e9 desmentido pela postura diante da c\u00e2mera&#8221;, afirmou.<\/p>\n<p>Jo\u00e3o Carlos Amaral \u00e9 graduado pela Universidade Federal de Juiz de Fora, onde atuou como professor de R\u00e1dio e Televis\u00e3o. Foi rep\u00f3rter, apresentador e comentarista pol\u00edtico da Rede Globo Minas durante 16 anos, com participa\u00e7\u00e3o no MGTV, Bom Dia Minas e Globo Comunidade.<br \/>\nFonte:Confea<\/p>\n","protected":false},"excerpt":{"rendered":"<p>&#8220;O primeiro impacto \u00e9 a imagem&#8221;. Essa foi a primeira dica que Jo\u00e3o Carlos Amaral ressaltou na palestra &#8220;Socorro!!! Estou na TV&#8221;. A atividade abriu o segundo dia do II Encontro de Lideran\u00e7as do Sistema Confea\/Crea. O objetivo da apresenta\u00e7\u00e3o foi preparar os profissionais para eventuais apari\u00e7\u00f5es na televis\u00e3o. Em uma hora de apresenta\u00e7\u00e3o, Amaral [&hellip;]<\/p>\n","protected":false},"author":1,"featured_media":0,"comment_status":"open","ping_status":"open","sticky":false,"template":"","format":"standard","meta":{"footnotes":""},"categories":[1],"tags":[],"class_list":["post-7043","post","type-post","status-publish","format-standard","hentry","category-noticias"],"acf":[],"_links":{"self":[{"href":"https:\/\/www.crea-mt.org.br\/portal\/wp-json\/wp\/v2\/posts\/7043","targetHints":{"allow":["GET"]}}],"collection":[{"href":"https:\/\/www.crea-mt.org.br\/portal\/wp-json\/wp\/v2\/posts"}],"about":[{"href":"https:\/\/www.crea-mt.org.br\/portal\/wp-json\/wp\/v2\/types\/post"}],"author":[{"embeddable":true,"href":"https:\/\/www.crea-mt.org.br\/portal\/wp-json\/wp\/v2\/users\/1"}],"replies":[{"embeddable":true,"href":"https:\/\/www.crea-mt.org.br\/portal\/wp-json\/wp\/v2\/comments?post=7043"}],"version-history":[{"count":0,"href":"https:\/\/www.crea-mt.org.br\/portal\/wp-json\/wp\/v2\/posts\/7043\/revisions"}],"wp:attachment":[{"href":"https:\/\/www.crea-mt.org.br\/portal\/wp-json\/wp\/v2\/media?parent=7043"}],"wp:term":[{"taxonomy":"category","embeddable":true,"href":"https:\/\/www.crea-mt.org.br\/portal\/wp-json\/wp\/v2\/categories?post=7043"},{"taxonomy":"post_tag","embeddable":true,"href":"https:\/\/www.crea-mt.org.br\/portal\/wp-json\/wp\/v2\/tags?post=7043"}],"curies":[{"name":"wp","href":"https:\/\/api.w.org\/{rel}","templated":true}]}}