{"id":7037,"date":"2007-03-13T00:00:00","date_gmt":"2007-03-13T03:00:00","guid":{"rendered":"https:\/\/crea-mt.org.br\/portal\/abenc-mtassociacao-de-engenheiros-civis-elege-nova-diretoria\/"},"modified":"2007-03-13T00:00:00","modified_gmt":"2007-03-13T03:00:00","slug":"abenc-mtassociacao-de-engenheiros-civis-elege-nova-diretoria","status":"publish","type":"post","link":"https:\/\/www.crea-mt.org.br\/portal\/abenc-mtassociacao-de-engenheiros-civis-elege-nova-diretoria\/","title":{"rendered":"ABENC-MT:Associa\u00e7\u00e3o de Engenheiros Civis elege nova diretoria"},"content":{"rendered":"<p>A Associa\u00e7\u00e3o Brasileira de Engenheiros Civis (ABENC) sess\u00e3o de Mato Grosso, realizou nesta sexta-feira (09.03) a elei\u00e7\u00e3o para a presid\u00eancia do \u00f3rg\u00e3o, disponibilizando a chapa 1. A atual presidente da associa\u00e7\u00e3o, a engenheira civil M\u00e1rcia Rabelo deixar\u00e1 o cargo para o tamb\u00e9m Engenheiro Civil \u00c9zio Cal\u00e1bria, que ir\u00e1 permanecer como presidente at\u00e9 mar\u00e7o de 2010.<\/p>\n<p>T\u00eam direito ao voto somente os 450 membros associados \u00e0 ABENC. O engenheiro civil e presidente do Conselho Regional de Engenharia, Arquitetura e Agronomia de Mato Grosso (Crea-MT), Tarciso Bassan, marcou presen\u00e7a fazendo valer seu voto como associado e incentivando os profissionais a contribu\u00edrem com a categoria.  <\/p>\n<p>Ir\u00e3o compor a mesa diretora: <\/p>\n<p>Presidente: \u00c9zio Cal\u00e1bria<br \/>\n1\u00b0 Vice-presidente: Juar\u00eas Samaniego<br \/>\n2\u00b0 Vice :Edir Cunha de Moraes<br \/>\n1\u00b0 Diretor administrativo:Archimedes Pereira Lima Neto<br \/>\n2\u00b0 Vice Diretor administrativo:Darcy Lavato<br \/>\n1\u00b0 Diretor Financeiro: Jesuel Alves de Arruda<br \/>\n2\u00b0 Diretora Financeira: Marciane Prevedello Curvo  <\/p>\n<p>Conselheiros Fiscais: <\/p>\n<p>1\u00b0 &#8211; Guilherme Monteiro Garcia<br \/>\n Sup.: Andr\u00e9 Schuring <\/p>\n<p>2\u00b0 &#8211; Jo\u00e3o Bosco Marques<br \/>\nSup.: Jos\u00e9 Augusto da Silva<br \/>\n3\u00b0 &#8211; Anast\u00e1cio Martins de Ara\u00fajo<br \/>\nSup.: Walmer Souza Santos <\/p>\n<p>4\u00b0 &#8211; Adjane da Silva Prado<br \/>\nSup.: Nelson Scaff <\/p>\n<p>5\u00b0 &#8211; Jo\u00e3o Nobres Neto<br \/>\nSup.: Carla Val\u00e9ria Caldas<\/p>\n<p>*Rafaela Maximiano<br \/>\nAssessoria\/Crea-MT<br \/>\n*Cristina Cavaleiro<br \/>\nEspecial para o Crea-MT<\/p>\n","protected":false},"excerpt":{"rendered":"<p>A Associa\u00e7\u00e3o Brasileira de Engenheiros Civis (ABENC) sess\u00e3o de Mato Grosso, realizou nesta sexta-feira (09.03) a elei\u00e7\u00e3o para a presid\u00eancia do \u00f3rg\u00e3o, disponibilizando a chapa 1. A atual presidente da associa\u00e7\u00e3o, a engenheira civil M\u00e1rcia Rabelo deixar\u00e1 o cargo para o tamb\u00e9m Engenheiro Civil \u00c9zio Cal\u00e1bria, que ir\u00e1 permanecer como presidente at\u00e9 mar\u00e7o de 2010. [&hellip;]<\/p>\n","protected":false},"author":1,"featured_media":0,"comment_status":"open","ping_status":"open","sticky":false,"template":"","format":"standard","meta":{"footnotes":""},"categories":[1],"tags":[],"class_list":["post-7037","post","type-post","status-publish","format-standard","hentry","category-noticias"],"acf":[],"_links":{"self":[{"href":"https:\/\/www.crea-mt.org.br\/portal\/wp-json\/wp\/v2\/posts\/7037","targetHints":{"allow":["GET"]}}],"collection":[{"href":"https:\/\/www.crea-mt.org.br\/portal\/wp-json\/wp\/v2\/posts"}],"about":[{"href":"https:\/\/www.crea-mt.org.br\/portal\/wp-json\/wp\/v2\/types\/post"}],"author":[{"embeddable":true,"href":"https:\/\/www.crea-mt.org.br\/portal\/wp-json\/wp\/v2\/users\/1"}],"replies":[{"embeddable":true,"href":"https:\/\/www.crea-mt.org.br\/portal\/wp-json\/wp\/v2\/comments?post=7037"}],"version-history":[{"count":0,"href":"https:\/\/www.crea-mt.org.br\/portal\/wp-json\/wp\/v2\/posts\/7037\/revisions"}],"wp:attachment":[{"href":"https:\/\/www.crea-mt.org.br\/portal\/wp-json\/wp\/v2\/media?parent=7037"}],"wp:term":[{"taxonomy":"category","embeddable":true,"href":"https:\/\/www.crea-mt.org.br\/portal\/wp-json\/wp\/v2\/categories?post=7037"},{"taxonomy":"post_tag","embeddable":true,"href":"https:\/\/www.crea-mt.org.br\/portal\/wp-json\/wp\/v2\/tags?post=7037"}],"curies":[{"name":"wp","href":"https:\/\/api.w.org\/{rel}","templated":true}]}}