{"id":7035,"date":"2007-03-14T00:00:00","date_gmt":"2007-03-14T03:00:00","guid":{"rendered":"https:\/\/crea-mt.org.br\/portal\/mudancas-exigem-solucoes-tecnologicas\/"},"modified":"2007-03-14T00:00:00","modified_gmt":"2007-03-14T03:00:00","slug":"mudancas-exigem-solucoes-tecnologicas","status":"publish","type":"post","link":"https:\/\/www.crea-mt.org.br\/portal\/mudancas-exigem-solucoes-tecnologicas\/","title":{"rendered":"Mudan\u00e7as exigem solu\u00e7\u00f5es tecnol\u00f3gicas"},"content":{"rendered":"<p>Fonte:Confea<\/p>\n<p>Numa r\u00e1pida participa\u00e7\u00e3o no II Encontro de Lideran\u00e7as do Sistema Confea\/Crea, Milton Nogueira Silva, secret\u00e1rio executivo para o F\u00f3rum de Mudan\u00e7as Clim\u00e1ticas de Minas Gerais, apontou oportunidades para os profissionais do Sistema Confea\/Crea contribuirem com solu\u00e7\u00f5es relativas \u00e0s mudan\u00e7as globais.<\/p>\n<p>Salientando que a tecnologia hoje \u00e9 colocada como respons\u00e1vel pela solu\u00e7\u00e3o e que as profiss\u00f5es englobadas no Sistema s\u00e3o de base tecnol\u00f3gica, Milton Nogueira Silva disse que h\u00e1 um pacote de oportunidades em v\u00e1rias \u00e1reas. Entre elas, na quest\u00e3o energ\u00e9tica, cujo desafio \u00e9 a racionaliza\u00e7\u00e3o, evitando o desperd\u00edcio, al\u00e9m do desenvolvimento de novas fontes.<\/p>\n<p>As \u00e1reas de biotecnologia e bioengenharia, segundo ele, representam uma inova\u00e7\u00e3o na forma de tratar a natureza e ganham corpo no desenvolvimento de solu\u00e7\u00f5es. Da mesma forma, a engenharia florestal, que precisar atacar a quest\u00e3o da transforma\u00e7\u00e3o de florestas em energia, seja por carv\u00e3o, seja pela produ\u00e7\u00e3o de etanol.<\/p>\n<p>A constru\u00e7\u00e3o civil, segundo Milton Nogueira Silva, \u00e9 hoje uma grande provocadora de emiss\u00f5es, a partir do uso de materiais emissores, como cimento, alum\u00ednio, vidro, e do desperd\u00edcio de materiais. Isso tem que ser revisto, afirmou, e dever\u00e1 ser desenvolvida uma nova arquitetura, bem como um novo conceito de cidades.<\/p>\n<p>As cidades precisam de solu\u00e7\u00f5es inteligentes e, para o secret\u00e1rio, estas passam pelas intelig\u00eancias que est\u00e3o no Sistema Confea\/Crea, o qual dever\u00e1 oferecer as bases tecnol\u00f3gicas para o desenho das pol\u00edticas p\u00fablicas.<\/p>\n<p>Entre essas, uma prioridade \u00e9 o setor de transportes, desde a escolha das modalidades de maior efici\u00eancia energ\u00e9tica, como o ferrovi\u00e1rio; o transporte de massas para redu\u00e7\u00e3o do n\u00famero de ve\u00edculos nas cidades; at\u00e9 o desenvolvimento de novos motores.<\/p>\n","protected":false},"excerpt":{"rendered":"<p>Fonte:Confea Numa r\u00e1pida participa\u00e7\u00e3o no II Encontro de Lideran\u00e7as do Sistema Confea\/Crea, Milton Nogueira Silva, secret\u00e1rio executivo para o F\u00f3rum de Mudan\u00e7as Clim\u00e1ticas de Minas Gerais, apontou oportunidades para os profissionais do Sistema Confea\/Crea contribuirem com solu\u00e7\u00f5es relativas \u00e0s mudan\u00e7as globais. Salientando que a tecnologia hoje \u00e9 colocada como respons\u00e1vel pela solu\u00e7\u00e3o e que as [&hellip;]<\/p>\n","protected":false},"author":1,"featured_media":0,"comment_status":"open","ping_status":"open","sticky":false,"template":"","format":"standard","meta":{"footnotes":""},"categories":[1],"tags":[],"class_list":["post-7035","post","type-post","status-publish","format-standard","hentry","category-noticias"],"acf":[],"_links":{"self":[{"href":"https:\/\/www.crea-mt.org.br\/portal\/wp-json\/wp\/v2\/posts\/7035","targetHints":{"allow":["GET"]}}],"collection":[{"href":"https:\/\/www.crea-mt.org.br\/portal\/wp-json\/wp\/v2\/posts"}],"about":[{"href":"https:\/\/www.crea-mt.org.br\/portal\/wp-json\/wp\/v2\/types\/post"}],"author":[{"embeddable":true,"href":"https:\/\/www.crea-mt.org.br\/portal\/wp-json\/wp\/v2\/users\/1"}],"replies":[{"embeddable":true,"href":"https:\/\/www.crea-mt.org.br\/portal\/wp-json\/wp\/v2\/comments?post=7035"}],"version-history":[{"count":0,"href":"https:\/\/www.crea-mt.org.br\/portal\/wp-json\/wp\/v2\/posts\/7035\/revisions"}],"wp:attachment":[{"href":"https:\/\/www.crea-mt.org.br\/portal\/wp-json\/wp\/v2\/media?parent=7035"}],"wp:term":[{"taxonomy":"category","embeddable":true,"href":"https:\/\/www.crea-mt.org.br\/portal\/wp-json\/wp\/v2\/categories?post=7035"},{"taxonomy":"post_tag","embeddable":true,"href":"https:\/\/www.crea-mt.org.br\/portal\/wp-json\/wp\/v2\/tags?post=7035"}],"curies":[{"name":"wp","href":"https:\/\/api.w.org\/{rel}","templated":true}]}}