{"id":7033,"date":"2007-03-14T00:00:00","date_gmt":"2007-03-14T03:00:00","guid":{"rendered":"https:\/\/crea-mt.org.br\/portal\/plano-de-aguas-e-apresentado-em-paises-latinos\/"},"modified":"2007-03-14T00:00:00","modified_gmt":"2007-03-14T03:00:00","slug":"plano-de-aguas-e-apresentado-em-paises-latinos","status":"publish","type":"post","link":"https:\/\/www.crea-mt.org.br\/portal\/plano-de-aguas-e-apresentado-em-paises-latinos\/","title":{"rendered":"Plano de \u00e1guas \u00e9 apresentado em pa\u00edses latinos"},"content":{"rendered":"<p>O Plano Nacional de Recursos H\u00eddricos (PNRH) ser\u00e1 apresentado em Lima,<br \/>\nno Peru, nos dias 15 e 16, pelo secret\u00e1rio-substituto de Recursos<br \/>\nH\u00eddricos, do Minist\u00e9rio do Meio Ambiente, Marley Caetano Mendon\u00e7a. Ele<br \/>\nparticipar\u00e1 de oficina sobre a Estrat\u00e9gia Nacional para Gest\u00e3o de<br \/>\nRecursos H\u00eddricos.<\/p>\n<p>Na semana passada, o gerente do PNRH da Secretaria de Recursos<br \/>\nH\u00eddricos do MMA, Luiz Augusto Bronzatto, levou para Costa Rica a<br \/>\nexperi\u00eancia brasileira adquirida na constru\u00e7\u00e3o e implementa\u00e7\u00e3o do<br \/>\nPlano e na consolida\u00e7\u00e3o dos Comit\u00eas de Bacias Hidrogr\u00e1ficas. Foi<br \/>\ndurante uma oficina sobre o Plano Nacional de Gest\u00e3o Integrada de<br \/>\nRecursos H\u00eddricos da Costa Rica, realizada na cidade de San Jos\u00e9.<\/p>\n<p>Bronzatto, que j\u00e1 foi portador do PNRH para pa\u00edses como Nicar\u00e1gua e<br \/>\nHonduras, lembrou que o Programa das Na\u00e7\u00f5es Unidas para o Meio<br \/>\nAmbiente (Pnuma) tem promovido eventos em diferentes pa\u00edses com<br \/>\nobjetivo de ajud\u00e1-los na gest\u00e3o de \u00e1guas, por meio da troca de<br \/>\nexperi\u00eancias. &#8220;A conclus\u00e3o do nosso plano p\u00f4s o Brasil em situa\u00e7\u00e3o de<br \/>\nvanguarda e despertou o interesse de outros pa\u00edses em conhecer nossa<br \/>\nproposta&#8221;, afirmou.<\/p>\n<p>O plano brasileiro no setor \u00e9 um dos primeiros elaborados no mundo e<br \/>\ntem servido de base para debates sobre a quest\u00e3o em v\u00e1rios pontos do<br \/>\nBrasil e em outros pa\u00edses, especialmente na Am\u00e9rica Latina. Foi<br \/>\nconstru\u00eddo durante quase tr\u00eas anos com a participa\u00e7\u00e3o de mais de 7 mil<br \/>\npessoas. O Plano de \u00c1guas do Brasil ter\u00e1 espa\u00e7o temporal de 15 anos<br \/>\n(at\u00e9 2020) sendo que alguns dos seus t\u00f3picos ser\u00e3o revisados a cada<br \/>\nquatro anos, de acordo com os planos plurianuais.<\/p>\n<p>Fonte: InforMMA<\/p>\n","protected":false},"excerpt":{"rendered":"<p>O Plano Nacional de Recursos H\u00eddricos (PNRH) ser\u00e1 apresentado em Lima, no Peru, nos dias 15 e 16, pelo secret\u00e1rio-substituto de Recursos H\u00eddricos, do Minist\u00e9rio do Meio Ambiente, Marley Caetano Mendon\u00e7a. Ele participar\u00e1 de oficina sobre a Estrat\u00e9gia Nacional para Gest\u00e3o de Recursos H\u00eddricos. Na semana passada, o gerente do PNRH da Secretaria de Recursos [&hellip;]<\/p>\n","protected":false},"author":1,"featured_media":0,"comment_status":"open","ping_status":"open","sticky":false,"template":"","format":"standard","meta":{"footnotes":""},"categories":[1],"tags":[],"class_list":["post-7033","post","type-post","status-publish","format-standard","hentry","category-noticias"],"acf":[],"_links":{"self":[{"href":"https:\/\/www.crea-mt.org.br\/portal\/wp-json\/wp\/v2\/posts\/7033","targetHints":{"allow":["GET"]}}],"collection":[{"href":"https:\/\/www.crea-mt.org.br\/portal\/wp-json\/wp\/v2\/posts"}],"about":[{"href":"https:\/\/www.crea-mt.org.br\/portal\/wp-json\/wp\/v2\/types\/post"}],"author":[{"embeddable":true,"href":"https:\/\/www.crea-mt.org.br\/portal\/wp-json\/wp\/v2\/users\/1"}],"replies":[{"embeddable":true,"href":"https:\/\/www.crea-mt.org.br\/portal\/wp-json\/wp\/v2\/comments?post=7033"}],"version-history":[{"count":0,"href":"https:\/\/www.crea-mt.org.br\/portal\/wp-json\/wp\/v2\/posts\/7033\/revisions"}],"wp:attachment":[{"href":"https:\/\/www.crea-mt.org.br\/portal\/wp-json\/wp\/v2\/media?parent=7033"}],"wp:term":[{"taxonomy":"category","embeddable":true,"href":"https:\/\/www.crea-mt.org.br\/portal\/wp-json\/wp\/v2\/categories?post=7033"},{"taxonomy":"post_tag","embeddable":true,"href":"https:\/\/www.crea-mt.org.br\/portal\/wp-json\/wp\/v2\/tags?post=7033"}],"curies":[{"name":"wp","href":"https:\/\/api.w.org\/{rel}","templated":true}]}}