{"id":7032,"date":"2007-03-14T00:00:00","date_gmt":"2007-03-14T03:00:00","guid":{"rendered":"https:\/\/crea-mt.org.br\/portal\/secretario-do-df-garante-seu-apoio-a-wec-2\/"},"modified":"2007-03-14T00:00:00","modified_gmt":"2007-03-14T03:00:00","slug":"secretario-do-df-garante-seu-apoio-a-wec-2","status":"publish","type":"post","link":"https:\/\/www.crea-mt.org.br\/portal\/secretario-do-df-garante-seu-apoio-a-wec-2\/","title":{"rendered":"Secret\u00e1rio do DF garante seu apoio \u00e0 WEC"},"content":{"rendered":"<p>Fonte:Confea<\/p>\n<p>O secret\u00e1rio de Desenvolvimento Econ\u00f4mico e Turismo do Distrito Federal, Paulo Oct\u00e1vio, recebeu hoje, 14\/3, no Centro Administrativo de Taguatinga, entidades representativas de classe dos engenheiros para tratar da realiza\u00e7\u00e3o do Congresso Mundial de Engenheiros (WEC, na sigla em ingl\u00eas), que ser\u00e1 realizado em dezembro de 2008, em Bras\u00edlia. <\/p>\n<p>O evento ser\u00e1 realizado no Centro de Conven\u00e7\u00f5es com um p\u00fablico estimado em 6 mil engenheiros do mundo todo. O tema central do evento ser\u00e1 &#8220;Engenharia: inova\u00e7\u00e3o com responsabilidade social&#8221;. Esta \u00e9 a terceira edi\u00e7\u00e3o do evento, realizado de quatro em quatro anos, em parceria com entidades renomadas como a Unesco. A primeira edi\u00e7\u00e3o ocorreu na Alemanha e a segunda, na China.<\/p>\n<p>&#8220;Desenvolver o Turismo de Eventos \u00e9 uma das prioridades da Secretaria. Vamos buscar, com profissionalismo e planejamento, atrair o m\u00e1ximo de investimentos para gerar renda e emprego na capital&#8221;, afirmou o secret\u00e1rio e vice-governador, Paulo Oct\u00e1vio. <\/p>\n","protected":false},"excerpt":{"rendered":"<p>Fonte:Confea O secret\u00e1rio de Desenvolvimento Econ\u00f4mico e Turismo do Distrito Federal, Paulo Oct\u00e1vio, recebeu hoje, 14\/3, no Centro Administrativo de Taguatinga, entidades representativas de classe dos engenheiros para tratar da realiza\u00e7\u00e3o do Congresso Mundial de Engenheiros (WEC, na sigla em ingl\u00eas), que ser\u00e1 realizado em dezembro de 2008, em Bras\u00edlia. O evento ser\u00e1 realizado no [&hellip;]<\/p>\n","protected":false},"author":1,"featured_media":0,"comment_status":"open","ping_status":"open","sticky":false,"template":"","format":"standard","meta":{"footnotes":""},"categories":[1],"tags":[],"class_list":["post-7032","post","type-post","status-publish","format-standard","hentry","category-noticias"],"acf":[],"_links":{"self":[{"href":"https:\/\/www.crea-mt.org.br\/portal\/wp-json\/wp\/v2\/posts\/7032","targetHints":{"allow":["GET"]}}],"collection":[{"href":"https:\/\/www.crea-mt.org.br\/portal\/wp-json\/wp\/v2\/posts"}],"about":[{"href":"https:\/\/www.crea-mt.org.br\/portal\/wp-json\/wp\/v2\/types\/post"}],"author":[{"embeddable":true,"href":"https:\/\/www.crea-mt.org.br\/portal\/wp-json\/wp\/v2\/users\/1"}],"replies":[{"embeddable":true,"href":"https:\/\/www.crea-mt.org.br\/portal\/wp-json\/wp\/v2\/comments?post=7032"}],"version-history":[{"count":0,"href":"https:\/\/www.crea-mt.org.br\/portal\/wp-json\/wp\/v2\/posts\/7032\/revisions"}],"wp:attachment":[{"href":"https:\/\/www.crea-mt.org.br\/portal\/wp-json\/wp\/v2\/media?parent=7032"}],"wp:term":[{"taxonomy":"category","embeddable":true,"href":"https:\/\/www.crea-mt.org.br\/portal\/wp-json\/wp\/v2\/categories?post=7032"},{"taxonomy":"post_tag","embeddable":true,"href":"https:\/\/www.crea-mt.org.br\/portal\/wp-json\/wp\/v2\/tags?post=7032"}],"curies":[{"name":"wp","href":"https:\/\/api.w.org\/{rel}","templated":true}]}}