{"id":7030,"date":"2007-03-14T00:00:00","date_gmt":"2007-03-14T03:00:00","guid":{"rendered":"https:\/\/crea-mt.org.br\/portal\/coordenadores-de-ceps-reunem-se-em-brasilia\/"},"modified":"2007-03-14T00:00:00","modified_gmt":"2007-03-14T03:00:00","slug":"coordenadores-de-ceps-reunem-se-em-brasilia","status":"publish","type":"post","link":"https:\/\/www.crea-mt.org.br\/portal\/coordenadores-de-ceps-reunem-se-em-brasilia\/","title":{"rendered":"Coordenadores de CEPs re\u00fanem-se em Bras\u00edlia"},"content":{"rendered":"<p>Fonte:Confea<\/p>\n<p>Coordenadores das comiss\u00f5es organizadoras dos Congressos Estaduais de Profissionais (CEPs) estar\u00e3o reunidos hoje, 14 de mar\u00e7o, no Hotel Nacional, em Bras\u00edlia, para alinhar a\u00e7\u00f5es das atividades preparat\u00f3rias para o 6\u00ba Congresso Nacional de Profissionais (CNP), que, em agosto, no Rio de Janeiro, sistematizar\u00e1 propostas de todo o pa\u00eds para um novo Pacto Profissional e Social. A atividade acontece no contexto do II Encontro de Lideran\u00e7as do Sistema Confea\/Crea, que vai at\u00e9 sexta-feira, dia 16.<\/p>\n<p>Na reuni\u00e3o, os coordenadores receber\u00e3o orienta\u00e7\u00f5es para a sistematiza\u00e7\u00e3o de proposta acerca das quest\u00f5es que est\u00e3o sendo discutidas pelos profissionais do Sistema Confea\/Crea. &#8220;Manter uma intera\u00e7\u00e3o com os CEPs \u00e9 fundamental para o prop\u00f3sito do Pacto, que \u00e9 ser um processo de discuss\u00e3o amplo, participativo e de n\u00edvel qualificado&#8221;, destacou o coordenador do CNP, Argemiro Ant\u00f4nio Fontes Mendon\u00e7a.<\/p>\n<p>Pacto<br \/>\nA inten\u00e7\u00e3o do pacto profissional e social \u00e9 reformular a\u00e7\u00f5es do Sistema. Para que haja ampla participa\u00e7\u00e3o, haver\u00e1 congressos regionais, em que ser\u00e3o formuladas propostas a serem sistematizadas nos Congressos Estaduais. Deles ser\u00e3o levadas propostas de todo o pa\u00eds para o 6\u00ba CNP.<\/p>\n<p>Participar\u00e3o da compila\u00e7\u00e3o de propostas para o novo pacto, no 6\u00ba CNP, 381 delegados constituintes, em geral pessoas ligadas a um dos tr\u00eas poderes &#8211; Executivo, Legislativo ou Judici\u00e1rio &#8211; e que tenham representa\u00e7\u00e3o em movimentos sociais ou grandes corpora\u00e7\u00f5es. Clique aqui para saber mais sobre o pacto.<\/p>\n","protected":false},"excerpt":{"rendered":"<p>Fonte:Confea Coordenadores das comiss\u00f5es organizadoras dos Congressos Estaduais de Profissionais (CEPs) estar\u00e3o reunidos hoje, 14 de mar\u00e7o, no Hotel Nacional, em Bras\u00edlia, para alinhar a\u00e7\u00f5es das atividades preparat\u00f3rias para o 6\u00ba Congresso Nacional de Profissionais (CNP), que, em agosto, no Rio de Janeiro, sistematizar\u00e1 propostas de todo o pa\u00eds para um novo Pacto Profissional e [&hellip;]<\/p>\n","protected":false},"author":1,"featured_media":0,"comment_status":"open","ping_status":"open","sticky":false,"template":"","format":"standard","meta":{"footnotes":""},"categories":[1],"tags":[],"class_list":["post-7030","post","type-post","status-publish","format-standard","hentry","category-noticias"],"acf":[],"_links":{"self":[{"href":"https:\/\/www.crea-mt.org.br\/portal\/wp-json\/wp\/v2\/posts\/7030","targetHints":{"allow":["GET"]}}],"collection":[{"href":"https:\/\/www.crea-mt.org.br\/portal\/wp-json\/wp\/v2\/posts"}],"about":[{"href":"https:\/\/www.crea-mt.org.br\/portal\/wp-json\/wp\/v2\/types\/post"}],"author":[{"embeddable":true,"href":"https:\/\/www.crea-mt.org.br\/portal\/wp-json\/wp\/v2\/users\/1"}],"replies":[{"embeddable":true,"href":"https:\/\/www.crea-mt.org.br\/portal\/wp-json\/wp\/v2\/comments?post=7030"}],"version-history":[{"count":0,"href":"https:\/\/www.crea-mt.org.br\/portal\/wp-json\/wp\/v2\/posts\/7030\/revisions"}],"wp:attachment":[{"href":"https:\/\/www.crea-mt.org.br\/portal\/wp-json\/wp\/v2\/media?parent=7030"}],"wp:term":[{"taxonomy":"category","embeddable":true,"href":"https:\/\/www.crea-mt.org.br\/portal\/wp-json\/wp\/v2\/categories?post=7030"},{"taxonomy":"post_tag","embeddable":true,"href":"https:\/\/www.crea-mt.org.br\/portal\/wp-json\/wp\/v2\/tags?post=7030"}],"curies":[{"name":"wp","href":"https:\/\/api.w.org\/{rel}","templated":true}]}}