{"id":7029,"date":"2007-03-14T00:00:00","date_gmt":"2007-03-14T03:00:00","guid":{"rendered":"https:\/\/crea-mt.org.br\/portal\/ifc-aprova-emprestimo-para-grupo-bertin-apos-apresentacao-incompativel-com-projeto\/"},"modified":"2007-03-14T00:00:00","modified_gmt":"2007-03-14T03:00:00","slug":"ifc-aprova-emprestimo-para-grupo-bertin-apos-apresentacao-incompativel-com-projeto","status":"publish","type":"post","link":"https:\/\/www.crea-mt.org.br\/portal\/ifc-aprova-emprestimo-para-grupo-bertin-apos-apresentacao-incompativel-com-projeto\/","title":{"rendered":"IFC aprova empr\u00e9stimo para grupo Bertin ap\u00f3s apresenta\u00e7\u00e3o incompat\u00edvel com projeto"},"content":{"rendered":"<p>Fonte:Amazonia<\/p>\n<p>O corpo de diretores do IFC (Corpora\u00e7\u00e3o Financeira Internacional) aprovou hoje o financiamento de US$90 milh\u00f5es de d\u00f3lares para atividade pecu\u00e1ria na Amaz\u00f4nia brasileira, em favor do Grupo Bertin.  Entretanto, a diretoria foi aparentemente ludibriada com informa\u00e7\u00f5es diferentes do projeto original no tocante a pelo menos dois dos aspectos mais controversos.<\/p>\n<p>Conforme denunciou o F\u00f3rum Brasileiro de ONGs e Movimentos Sociais (FBOMS) em comunicado \u00e0 imprensa, o projeto prev\u00ea seis instala\u00e7\u00f5es da Bertin em \u00e1reas cr\u00edticas nos estados do Par\u00e1, Mato Grosso e Rond\u00f4nia, dentre os quais apenas a regi\u00e3o de Marab\u00e1 (PA) foi alvo de estudos e consultas p\u00fablicas.<\/p>\n<p>Ainda assim, a apresenta\u00e7\u00e3o de slides da ger\u00eancia do IFC omitiu a exist\u00eancia de tr\u00eas instala\u00e7\u00f5es, incluindo uma f\u00e1brica na cabeceira do rio Xingu (MT), uma \u00e1rea considerada &#8216;ambientalmente fr\u00e1gil&#8217; pelas ONGs, Tamb\u00e9m foi informado o prazo de um ano at\u00e9 que seja exigida, por parte dos financiadores, adequa\u00e7\u00e3o m\u00ednima \u00e0s leis ambientais (como titula\u00e7\u00e3o fundi\u00e1ria).  O projeto original, entretanto, estabelece um prazo de dois anos.<\/p>\n<p>Mau exemplo<\/p>\n<p>Por fim, a equipe respons\u00e1vel pela apresenta\u00e7\u00e3o mencionou um financiamento concedido ao Grupo Amaggi (do governador de Mato Grosso, Blairo Maggi) em 2004, como &#8216;exemplo&#8217; para o projeto com a Bertin.  Segundo informa\u00e7\u00f5es divulgadas pelo pr\u00f3prio Grupo Amaggi em 2006, a taxa de fazendeiros de soja legalmente licenciados entre o pr\u00e9-financiados pela Companhia, diminuiu de 27% em 2004 para 16% em 2005.<\/p>\n<p>Uma auditoria feita pelo pr\u00f3prio IFC, na pessoa de seu ombudsman, em 2005, concluiu que a corpora\u00e7\u00e3o havia seguido todos os procedimentos necess\u00e1rios para avalia\u00e7\u00e3o dos riscos socioambientais.  Entretanto, tais procedimentos foram considerados insatisfat\u00f3rios, as an\u00e1lises subjetivas e os crit\u00e9rios obscuros.<\/p>\n<p>Vale ressaltar que o financiamento aprovado hoje est\u00e1 submetido aos Princ\u00edpios do Equador, um modelo de normas m\u00ednimas ambientais adotado por bancos que respondem por 80% do financiamento de projetos em todo o mundo.<\/p>\n","protected":false},"excerpt":{"rendered":"<p>Fonte:Amazonia O corpo de diretores do IFC (Corpora\u00e7\u00e3o Financeira Internacional) aprovou hoje o financiamento de US$90 milh\u00f5es de d\u00f3lares para atividade pecu\u00e1ria na Amaz\u00f4nia brasileira, em favor do Grupo Bertin. Entretanto, a diretoria foi aparentemente ludibriada com informa\u00e7\u00f5es diferentes do projeto original no tocante a pelo menos dois dos aspectos mais controversos. Conforme denunciou o [&hellip;]<\/p>\n","protected":false},"author":1,"featured_media":0,"comment_status":"open","ping_status":"open","sticky":false,"template":"","format":"standard","meta":{"footnotes":""},"categories":[1],"tags":[],"class_list":["post-7029","post","type-post","status-publish","format-standard","hentry","category-noticias"],"acf":[],"_links":{"self":[{"href":"https:\/\/www.crea-mt.org.br\/portal\/wp-json\/wp\/v2\/posts\/7029","targetHints":{"allow":["GET"]}}],"collection":[{"href":"https:\/\/www.crea-mt.org.br\/portal\/wp-json\/wp\/v2\/posts"}],"about":[{"href":"https:\/\/www.crea-mt.org.br\/portal\/wp-json\/wp\/v2\/types\/post"}],"author":[{"embeddable":true,"href":"https:\/\/www.crea-mt.org.br\/portal\/wp-json\/wp\/v2\/users\/1"}],"replies":[{"embeddable":true,"href":"https:\/\/www.crea-mt.org.br\/portal\/wp-json\/wp\/v2\/comments?post=7029"}],"version-history":[{"count":0,"href":"https:\/\/www.crea-mt.org.br\/portal\/wp-json\/wp\/v2\/posts\/7029\/revisions"}],"wp:attachment":[{"href":"https:\/\/www.crea-mt.org.br\/portal\/wp-json\/wp\/v2\/media?parent=7029"}],"wp:term":[{"taxonomy":"category","embeddable":true,"href":"https:\/\/www.crea-mt.org.br\/portal\/wp-json\/wp\/v2\/categories?post=7029"},{"taxonomy":"post_tag","embeddable":true,"href":"https:\/\/www.crea-mt.org.br\/portal\/wp-json\/wp\/v2\/tags?post=7029"}],"curies":[{"name":"wp","href":"https:\/\/api.w.org\/{rel}","templated":true}]}}