{"id":7028,"date":"2007-03-14T00:00:00","date_gmt":"2007-03-14T03:00:00","guid":{"rendered":"https:\/\/crea-mt.org.br\/portal\/etanol-nao-e-ameaca-para-amazonia-afirma-lula\/"},"modified":"2007-03-14T00:00:00","modified_gmt":"2007-03-14T03:00:00","slug":"etanol-nao-e-ameaca-para-amazonia-afirma-lula","status":"publish","type":"post","link":"https:\/\/www.crea-mt.org.br\/portal\/etanol-nao-e-ameaca-para-amazonia-afirma-lula\/","title":{"rendered":"Etanol n\u00e3o \u00e9 amea\u00e7a para Amaz\u00f4nia, afirma Lula"},"content":{"rendered":"<p>Fonte: O Estado de S.Paulo <\/p>\n<p>Presidente assegura que governo s\u00f3 vai investir onde n\u00e3o h\u00e1 mata nativa<\/p>\n<p>Pela primeira vez, o presidente Luiz In\u00e1cio Lula da Silva se comprometeu a n\u00e3o incentivar plantios para a produ\u00e7\u00e3o de biocombust\u00edveis na Floresta Amaz\u00f4nia e no ecossistema do Pantanal.<\/p>\n<p>Em entrevista divulgada ontem no programa de r\u00e1dio Caf\u00e9 com o Presidente, ele assegurou que o governo prop\u00f5e o uso de \u00e1reas j\u00e1 degradadas para obter a mat\u00e9ria-prima das usinas de combust\u00edveis renov\u00e1veis.  &#8216;N\u00e3o queremos plantar cana-de-a\u00e7\u00facar para produzir \u00e1lcool nem plantar oleaginosas para produzir biocombust\u00edvel na Amaz\u00f4nia&#8217;, afirmou.<\/p>\n<p>Durante o programa, Lula se antecipou a cr\u00edticas de ambientalistas ao projeto de biocombust\u00edvel.  Al\u00e9m de prometer que o governo s\u00f3 investir\u00e1 em \u00e1reas sem vegeta\u00e7\u00e3o nativa, o presidente destacou que os combust\u00edveis renov\u00e1veis causam menos danos ambientais.  &#8216;Temos de preservar nossas matas e nossa fauna&#8217;, disse.  &#8216;A mistura de \u00e1lcool e gasolina diminui a emiss\u00e3o de g\u00e1s carb\u00f4nico.&#8217;<\/p>\n<p>Ele avaliou que \u00e9 irrevers\u00edvel a transforma\u00e7\u00e3o do \u00e1lcool em uma commodity, mercadoria com pre\u00e7o regulado no mercado externo.  &#8216;\u00c9 uma quest\u00e3o irrevers\u00edvel, na medida em que o \u00e1lcool come\u00e7a a ganhar corpo, come\u00e7a a ser misturado na gasolina e os pa\u00edses do mundo inteiro come\u00e7am a se preocupar em diminuir a emiss\u00e3o de g\u00e1s carb\u00f4nico&#8217;, afirmou.  &#8216;Isso significa que, logo, logo, o \u00e1lcool vai ter um pre\u00e7o internacional&#8217;, completou.<\/p>\n<p>&#8216;Temos de ter mais responsabilidade porque n\u00f3s temos que, n\u00e3o s\u00f3 oferecer o \u00e1lcool, mas garantir o suprimento do mercado brasileiro e do mercado internacional.&#8217;<\/p>\n<p>Na entrevista ao jornalista Luiz Fava Monteiro, da Radiobr\u00e1s, o presidente disse acreditar que o Brasil e os Estados Unidos podem fazer uma parceria capaz de mudar a l\u00f3gica da pol\u00edtica energ\u00e9tica na \u00e1rea de combust\u00edveis.<\/p>\n<p>Sobretaxa<\/p>\n<p>&#8216;Os Estados Unidos s\u00e3o grandes produtores de \u00e1lcool e produzem \u00e1lcool de milho.  O \u00e1lcool de milho \u00e9 mais caro que o \u00e1lcool de cana-de-a\u00e7\u00facar.  S\u00f3 para ter uma id\u00e9ia, o Brasil precisa investir US$ 0,28 para produzir um litro de \u00e1lcool e os Estados Unidos precisam investir US$ 0,45 para produzir um litro de \u00e1lcool de milho&#8217;, disse.<\/p>\n<p>Lula comentou o encontro que teve na sexta-feira com o presidente dos Estados Unidos, George W. Bush.  &#8216;Estamos convencidos de que essa parceria passa por investimentos dos pa\u00edses mais ricos em pa\u00edses mais pobres, para que esses possam produzir tamb\u00e9m o \u00e1lcool ou o biocombust\u00edvel.&#8217;<\/p>\n<p>No encontro, Lula e Bush assinaram compromisso de investimentos e pesquisa em biocombust\u00edveis, principal resultado da visita do presidente americano.  Ele justificou o interesse no \u00e1lcool brasileiro como quest\u00e3o de seguran\u00e7a nacional, para reduzir a depend\u00eancia do petr\u00f3leo.<\/p>\n<p>A sobretaxa do etanol brasileiro nos Estados Unidos n\u00e3o entrou na negocia\u00e7\u00e3o entre os dois presidente.  Para Lula, a discuss\u00e3o sobre a tarifa \u00e9 quest\u00e3o de tempo.<\/p>\n","protected":false},"excerpt":{"rendered":"<p>Fonte: O Estado de S.Paulo Presidente assegura que governo s\u00f3 vai investir onde n\u00e3o h\u00e1 mata nativa Pela primeira vez, o presidente Luiz In\u00e1cio Lula da Silva se comprometeu a n\u00e3o incentivar plantios para a produ\u00e7\u00e3o de biocombust\u00edveis na Floresta Amaz\u00f4nia e no ecossistema do Pantanal. Em entrevista divulgada ontem no programa de r\u00e1dio Caf\u00e9 [&hellip;]<\/p>\n","protected":false},"author":1,"featured_media":0,"comment_status":"open","ping_status":"open","sticky":false,"template":"","format":"standard","meta":{"footnotes":""},"categories":[1],"tags":[],"class_list":["post-7028","post","type-post","status-publish","format-standard","hentry","category-noticias"],"acf":[],"_links":{"self":[{"href":"https:\/\/www.crea-mt.org.br\/portal\/wp-json\/wp\/v2\/posts\/7028","targetHints":{"allow":["GET"]}}],"collection":[{"href":"https:\/\/www.crea-mt.org.br\/portal\/wp-json\/wp\/v2\/posts"}],"about":[{"href":"https:\/\/www.crea-mt.org.br\/portal\/wp-json\/wp\/v2\/types\/post"}],"author":[{"embeddable":true,"href":"https:\/\/www.crea-mt.org.br\/portal\/wp-json\/wp\/v2\/users\/1"}],"replies":[{"embeddable":true,"href":"https:\/\/www.crea-mt.org.br\/portal\/wp-json\/wp\/v2\/comments?post=7028"}],"version-history":[{"count":0,"href":"https:\/\/www.crea-mt.org.br\/portal\/wp-json\/wp\/v2\/posts\/7028\/revisions"}],"wp:attachment":[{"href":"https:\/\/www.crea-mt.org.br\/portal\/wp-json\/wp\/v2\/media?parent=7028"}],"wp:term":[{"taxonomy":"category","embeddable":true,"href":"https:\/\/www.crea-mt.org.br\/portal\/wp-json\/wp\/v2\/categories?post=7028"},{"taxonomy":"post_tag","embeddable":true,"href":"https:\/\/www.crea-mt.org.br\/portal\/wp-json\/wp\/v2\/tags?post=7028"}],"curies":[{"name":"wp","href":"https:\/\/api.w.org\/{rel}","templated":true}]}}