{"id":7027,"date":"2007-03-15T00:00:00","date_gmt":"2007-03-15T03:00:00","guid":{"rendered":"https:\/\/crea-mt.org.br\/portal\/nova-politica-insere-pais-no-mercado-mundial-da-biotecnologia\/"},"modified":"2007-03-15T00:00:00","modified_gmt":"2007-03-15T03:00:00","slug":"nova-politica-insere-pais-no-mercado-mundial-da-biotecnologia","status":"publish","type":"post","link":"https:\/\/www.crea-mt.org.br\/portal\/nova-politica-insere-pais-no-mercado-mundial-da-biotecnologia\/","title":{"rendered":"Nova pol\u00edtica insere pa\u00eds no mercado mundial da biotecnologia"},"content":{"rendered":"<p>Fonte: brasil.gov.br\/emquestao<\/p>\n<p>A nova pol\u00edtica do Brasil para a biotecnologia pretende articular estrategicamente as \u00e1reas de sa\u00fade humana, agropecu\u00e1ria, industrial e ambiental, tornando o Pa\u00eds em um dos maiores p\u00f3los mundiais de pesquisa do setor. A proposta, lan\u00e7ada recentemente pelo governo federal, pretende explorar de forma sustent\u00e1vel a biodiversidade brasileira, dando mais agilidade nos processos de transforma\u00e7\u00e3o do conhecimento cient\u00edfico em produtos e processos inovadores. <\/p>\n<p>Os programas que ser\u00e3o implementados a partir da Pol\u00edtica de Desenvolvimento da Biotecnologia no Brasil ter\u00e3o o acompanhamento do comit\u00ea nacional de biotecnologia, composto por representantes da Casa Civil e de mais sete minist\u00e9rios: Sa\u00fade, Ci\u00eancia e Tecnologia, Agricultura, Meio Ambiente, Educa\u00e7\u00e3o, Desenvolvimento Agr\u00e1rio e Justi\u00e7a. Os quatro setores priorit\u00e1rios a receber investimentos  sa\u00fade, agropecu\u00e1ria, ind\u00fastria e meio ambiente &#8211; contar\u00e3o com uma reparti\u00e7\u00e3o de verbas divididas em 60% de recursos p\u00fablicos e 40% em investimentos privados. <\/p>\n<p>A nova pol\u00edtica governamental para a ind\u00fastria de biotecnologia prop\u00f5e a\u00e7\u00f5es estrat\u00e9gicas que englobam investimentos, infra-estrutura e marcos regulat\u00f3rios para o setor. Est\u00e3o previstos investimentos da ordem de R$ 510 milh\u00f5es at\u00e9 2008, dos quais R$ 300 milh\u00f5es s\u00e3o destinados ao desenvolvimento de processos e produtos, priorizando os temas contemplados na Pol\u00edtica Industrial de Com\u00e9rcio Exterior (Pitce). Entre os quais est\u00e3o os  medicamentos, al\u00e9m de bens de capital com foco na cadeia produtiva de biocombust\u00edveis e combust\u00edveis s\u00f3lidos, biotecnologia, biomassa e energias renov\u00e1veis.<\/p>\n<p>A expectativa \u00e9 que a nova pol\u00edtica, nos pr\u00f3ximos 10 anos, gere investimentos de R$ 10 bilh\u00f5es, entre recursos p\u00fablicos e privados. As principais fontes financeiras da \u00e1rea p\u00fablica s\u00e3o, entre outras, os fundos setoriais, Banco Nacional de Desenvolvimento Econ\u00f4mico e Social (BNDES), e ag\u00eancias de fomento do Minist\u00e9rio da Ci\u00eancia e Tecnologia (MCT), como a Financiadora de Estudos e Projetos (Finep) e o Conselho Nacional de Desenvolvimento Cient\u00edfico e Tecnol\u00f3gico (CNPq).<\/p>\n<p>O ministro do Desenvolvimento, Ind\u00fastria e Com\u00e9rcio Exterior, Luiz Fernando Furlan, avalia que com essa pol\u00edtica voltada para o desenvolvimento da ind\u00fastria de biotecnologia, o Brasil poder\u00e1 explorar, de forma sustent\u00e1vel, sua rica biodiversidade. Com isso, ser\u00e1 mais dif\u00edcil ter produtos da flora brasileira patenteados no exterior, exemplifica. Ele lembra que, ao mesmo tempo, abre-se a oportunidade de aumentar a competitividade de empresas e de gerar novos empregos.<\/p>\n<p>Para o secret\u00e1rio de Desenvolvimento Industrial do Minist\u00e9rio do Desenvolvimento e Com\u00e9rcio Exterior, e coordenador do grupo que criou a nova pol\u00edtica, Ant\u00f4nio S\u00e9rgio Martins Mello, um pa\u00eds com tanta biodiversidade como o Brasil, e com uma capacidade cient\u00edfica compar\u00e1vel a dos pa\u00edses mais desenvolvidos do mundo, precisa saber como transformar seu potencial em oportunidades de empregos. Com o foco na inova\u00e7\u00e3o e integra\u00e7\u00e3o entre pesquisa e produ\u00e7\u00e3o, \u00e9 poss\u00edvel tirar o conhecimento dos laborat\u00f3rios e transform\u00e1-lo em bioprodutos, afirma.<\/p>\n<p>Conseguimos finalmente planejar a Pol\u00edtica de Desenvolvimento da Biotecnologia, aliada com a pol\u00edtica industrial brasileira e vamos come\u00e7ar os trabalhos efetivos, diz. Para o secret\u00e1rio de Desenvolvimento Industrial, o grande ganho da ind\u00fastria brasileira \u00e9 que a biotecnologia adquiriu status de pol\u00edtica de Estado. <\/p>\n<p>A biodiversidade brasileira<\/p>\n<p>O pa\u00eds det\u00e9m cerca de 20% de toda a biodiversidade do planeta e desenvolve a\u00e7\u00f5es isoladas na \u00e1rea de biotecnologia desde a d\u00e9cada de 50. Segundo os t\u00e9cnicos, o fato de contar com uma not\u00e1vel riqueza biol\u00f3gica significa uma vantagem competitiva para o desenvolvimento da biotecnologia. S\u00e3o mais de 200 mil esp\u00e9cies de plantas, animais e microorganismos j\u00e1 registrados e o n\u00famero pode chegar a 1,8 milh\u00f5es de esp\u00e9cies. \u00c9 um quinto da biodiversidade mundial, distribu\u00edda em seis biomas (Amaz\u00f4nia, Cerrado, Caatinga, Mata Atl\u00e2ntica, Pantanal e Pampa), al\u00e9m da Zona Costeira e Marinha. <\/p>\n<p>O desenvolvimento do setor vai permitir, por exemplo, diagnosticar e combater doen\u00e7as graves, enriquecer alimentos, melhorar e preservar o meio ambiente, tornar as empresas mais competitivas e gerar mais empregos para a popula\u00e7\u00e3o. A biotecnologia utiliza conhecimentos das \u00e1reas de microbiologia, bioqu\u00edmica, gen\u00e9tica, engenharia, qu\u00edmica, energia, entre outras. <\/p>\n<p>Muitos processos j\u00e1 est\u00e3o em desenvolvimento. Com o apoio financeiro da Finep, estuda-se a viabilidade t\u00e9cnico-econ\u00f4mica e o desenvolvimento de processos para a produ\u00e7\u00e3o de vitaminas e energ\u00e9ticos naturais, oriundos de plantas amaz\u00f4nicas.  No campo da agropecu\u00e1ria, a Embrapa Recursos Gen\u00e9ticos e Biotecnologia desenvolve projetos para auxiliar o melhoramento gen\u00e9tico convencional de produtos como arroz, trigo, sorgo, milho, caf\u00e9, mel\u00e3o, eucalipto, hortali\u00e7as.  <\/p>\n<p>A biologia molecular, por exemplo, \u00e9 usada na detec\u00e7\u00e3o de doen\u00e7as como a influenza avi\u00e1ria e a febre aftosa e de pat\u00f3genos, insetos, \u00e1caros e nemat\u00f3ides que podem estar presentes em materiais vegetais importados. Nas biotecnologias voltadas \u00e0 produ\u00e7\u00e3o animal, v\u00e1rios projetos em desenvolvimento permitem aumentar a gera\u00e7\u00e3o de carne e leite e a produtividade dos rebanhos para a utiliza\u00e7\u00e3o da produ\u00e7\u00e3o in vitro, sexagem de embri\u00f5es e a clonagem por transfer\u00eancia nuclear, entre outros.<\/p>\n","protected":false},"excerpt":{"rendered":"<p>Fonte: brasil.gov.br\/emquestao A nova pol\u00edtica do Brasil para a biotecnologia pretende articular estrategicamente as \u00e1reas de sa\u00fade humana, agropecu\u00e1ria, industrial e ambiental, tornando o Pa\u00eds em um dos maiores p\u00f3los mundiais de pesquisa do setor. A proposta, lan\u00e7ada recentemente pelo governo federal, pretende explorar de forma sustent\u00e1vel a biodiversidade brasileira, dando mais agilidade nos processos [&hellip;]<\/p>\n","protected":false},"author":1,"featured_media":0,"comment_status":"open","ping_status":"open","sticky":false,"template":"","format":"standard","meta":{"footnotes":""},"categories":[1],"tags":[],"class_list":["post-7027","post","type-post","status-publish","format-standard","hentry","category-noticias"],"acf":[],"_links":{"self":[{"href":"https:\/\/www.crea-mt.org.br\/portal\/wp-json\/wp\/v2\/posts\/7027","targetHints":{"allow":["GET"]}}],"collection":[{"href":"https:\/\/www.crea-mt.org.br\/portal\/wp-json\/wp\/v2\/posts"}],"about":[{"href":"https:\/\/www.crea-mt.org.br\/portal\/wp-json\/wp\/v2\/types\/post"}],"author":[{"embeddable":true,"href":"https:\/\/www.crea-mt.org.br\/portal\/wp-json\/wp\/v2\/users\/1"}],"replies":[{"embeddable":true,"href":"https:\/\/www.crea-mt.org.br\/portal\/wp-json\/wp\/v2\/comments?post=7027"}],"version-history":[{"count":0,"href":"https:\/\/www.crea-mt.org.br\/portal\/wp-json\/wp\/v2\/posts\/7027\/revisions"}],"wp:attachment":[{"href":"https:\/\/www.crea-mt.org.br\/portal\/wp-json\/wp\/v2\/media?parent=7027"}],"wp:term":[{"taxonomy":"category","embeddable":true,"href":"https:\/\/www.crea-mt.org.br\/portal\/wp-json\/wp\/v2\/categories?post=7027"},{"taxonomy":"post_tag","embeddable":true,"href":"https:\/\/www.crea-mt.org.br\/portal\/wp-json\/wp\/v2\/tags?post=7027"}],"curies":[{"name":"wp","href":"https:\/\/api.w.org\/{rel}","templated":true}]}}