{"id":7026,"date":"2007-03-15T00:00:00","date_gmt":"2007-03-15T03:00:00","guid":{"rendered":"https:\/\/crea-mt.org.br\/portal\/participantes-do-seminario-de-planejamento-estrategico-do-crea-es-discutem\/"},"modified":"2007-03-15T00:00:00","modified_gmt":"2007-03-15T03:00:00","slug":"participantes-do-seminario-de-planejamento-estrategico-do-crea-es-discutem","status":"publish","type":"post","link":"https:\/\/www.crea-mt.org.br\/portal\/participantes-do-seminario-de-planejamento-estrategico-do-crea-es-discutem\/","title":{"rendered":"Participantes do Semin\u00e1rio de Planejamento Estrat\u00e9gico do Crea-ES discutem"},"content":{"rendered":"<p>Parte integrante da programa\u00e7\u00e3o do s\u00e1bado (10\/3), do 11\u00ba Planejamento<br \/>\nEstrat\u00e9gico Institucional do Crea-ES, a an\u00e1lise de conjuntura feita pelo<br \/>\nprofessor do Departamento de Arquitetura da Universidade Federal do<br \/>\nEsp\u00edrito Santo (Ufes), Eng. Civil Roberto Garcia Sim\u00f5es, contribuiu para<br \/>\nelucidar os &#8220;Engenhos das Intera\u00e7\u00f5es entre Globaliza\u00e7\u00e3o, Brasil e Esp\u00edrito<br \/>\nSanto&#8221;.<\/p>\n<p>O professor iniciou sua exposi\u00e7\u00e3o pontuando fatos recentes da economia<br \/>\nmundial e relacionando-os ao Esp\u00edrito Santo e \u00e0 atua\u00e7\u00e3o dos profissionais<br \/>\nda \u00e1rea tecnol\u00f3gica como a fus\u00e3o de grandes mineradoras e ind\u00fastrias do<br \/>\nsetor aliment\u00edcio; a ind\u00fastria do caf\u00e9 e a poss\u00edvel importa\u00e7\u00e3o do produto<br \/>\nde pa\u00edses como o Vietn\u00e3; a nacionaliza\u00e7\u00e3o da ind\u00fastria do g\u00e1s natural<br \/>\nboliviano; a visita do Presidente dos Estados Unidos ao Brasil e o etanol;<br \/>\nentre outras not\u00edcias que ganharam repercuss\u00e3o e que interferem diretamente<br \/>\nnas vidas dos capixabas.<\/p>\n<p>Ao falar de globaliza\u00e7\u00e3o, Sim\u00f5es descreveu o turbilh\u00e3o em que estamos<br \/>\ninseridos. A dificuldade em compreender o espa\u00e7o-tempo e como a velocidade,<br \/>\na instantaneidade &#8220;on-line&#8221;, e as mudan\u00e7as abruptas nas profiss\u00f5es e<br \/>\nempresas geram incertezas e desconfortos. Com rela\u00e7\u00e3o \u00e0s rela\u00e7\u00f5es<br \/>\necon\u00f4micas, merece destaque a cr\u00edtica feita pelo professor aos Estados<br \/>\nUnidos e pa\u00edses da Europa que refor\u00e7am cada vez mais a vis\u00e3o para dentro de<br \/>\nsi mesmos. &#8220;Isso fica claro em transa\u00e7\u00f5es comerciais, com suas sobre-taxas<br \/>\ne protecionismos&#8221;, disse.<\/p>\n<p>O fechamento de f\u00e1bricas, nas cidades, e a perda da competitividade de<br \/>\nprodutos rurais, no campo, foram dois exemplos apontados, pelo palestrante,<br \/>\ncomo resultados dos impactos sociais locais decorrentes dos processos<br \/>\necon\u00f4micos globais.<\/p>\n<p>O engenheiro Sim\u00f5es salientou ainda a import\u00e2ncia dos profissionais<br \/>\nregistrados no Crea-ES em espa\u00e7os de discuss\u00e3o e decis\u00e3o. &#8220;A contribui\u00e7\u00e3o a<br \/>\nser dada pelos profissionais da \u00e1rea tecnol\u00f3gica \u00e9 fundamental para o<br \/>\ncrescimento sustent\u00e1vel do pa\u00eds. Necessitamos de uma prepara\u00e7\u00e3o em n\u00edvel<br \/>\nlocal, afinal muitas empresas que atuam no Esp\u00edrito Santo est\u00e3o inseridas<br \/>\nnuma l\u00f3gica transnacional. E isso reflete na vida n\u00e3o s\u00f3 dos trabalhadores<br \/>\ndessas empresas, mas de toda a sociedade&#8221;, concluiu.<\/p>\n<p>A indaga\u00e7\u00e3o provocadora sobre o que podemos fazer localmente, em nossos<br \/>\nbairros ou em nossa rua, para melhorar o mundo para todos, foi o ponto<br \/>\nfinal da elogiada exposi\u00e7\u00e3o.<\/p>\n<p>Fonte: Crea-ES<\/p>\n","protected":false},"excerpt":{"rendered":"<p>Parte integrante da programa\u00e7\u00e3o do s\u00e1bado (10\/3), do 11\u00ba Planejamento Estrat\u00e9gico Institucional do Crea-ES, a an\u00e1lise de conjuntura feita pelo professor do Departamento de Arquitetura da Universidade Federal do Esp\u00edrito Santo (Ufes), Eng. Civil Roberto Garcia Sim\u00f5es, contribuiu para elucidar os &#8220;Engenhos das Intera\u00e7\u00f5es entre Globaliza\u00e7\u00e3o, Brasil e Esp\u00edrito Santo&#8221;. O professor iniciou sua exposi\u00e7\u00e3o [&hellip;]<\/p>\n","protected":false},"author":1,"featured_media":0,"comment_status":"open","ping_status":"open","sticky":false,"template":"","format":"standard","meta":{"footnotes":""},"categories":[1],"tags":[],"class_list":["post-7026","post","type-post","status-publish","format-standard","hentry","category-noticias"],"acf":[],"_links":{"self":[{"href":"https:\/\/www.crea-mt.org.br\/portal\/wp-json\/wp\/v2\/posts\/7026","targetHints":{"allow":["GET"]}}],"collection":[{"href":"https:\/\/www.crea-mt.org.br\/portal\/wp-json\/wp\/v2\/posts"}],"about":[{"href":"https:\/\/www.crea-mt.org.br\/portal\/wp-json\/wp\/v2\/types\/post"}],"author":[{"embeddable":true,"href":"https:\/\/www.crea-mt.org.br\/portal\/wp-json\/wp\/v2\/users\/1"}],"replies":[{"embeddable":true,"href":"https:\/\/www.crea-mt.org.br\/portal\/wp-json\/wp\/v2\/comments?post=7026"}],"version-history":[{"count":0,"href":"https:\/\/www.crea-mt.org.br\/portal\/wp-json\/wp\/v2\/posts\/7026\/revisions"}],"wp:attachment":[{"href":"https:\/\/www.crea-mt.org.br\/portal\/wp-json\/wp\/v2\/media?parent=7026"}],"wp:term":[{"taxonomy":"category","embeddable":true,"href":"https:\/\/www.crea-mt.org.br\/portal\/wp-json\/wp\/v2\/categories?post=7026"},{"taxonomy":"post_tag","embeddable":true,"href":"https:\/\/www.crea-mt.org.br\/portal\/wp-json\/wp\/v2\/tags?post=7026"}],"curies":[{"name":"wp","href":"https:\/\/api.w.org\/{rel}","templated":true}]}}