{"id":7025,"date":"2007-03-15T00:00:00","date_gmt":"2007-03-15T03:00:00","guid":{"rendered":"https:\/\/crea-mt.org.br\/portal\/trabalhos-do-11o-planejamento-estrategico-do-crea-es-comecaram-no-sabado\/"},"modified":"2007-03-15T00:00:00","modified_gmt":"2007-03-15T03:00:00","slug":"trabalhos-do-11o-planejamento-estrategico-do-crea-es-comecaram-no-sabado","status":"publish","type":"post","link":"https:\/\/www.crea-mt.org.br\/portal\/trabalhos-do-11o-planejamento-estrategico-do-crea-es-comecaram-no-sabado\/","title":{"rendered":"Trabalhos do 11\u00ba Planejamento Estrat\u00e9gico do Crea-ES come\u00e7aram no s\u00e1bado"},"content":{"rendered":"<p>A abertura dos trabalhos do 11\u00ba Planejamento Estrat\u00e9gico Institucional do<br \/>\nCrea-ES teve in\u00edcio na manh\u00e3 de s\u00e1bado (10\/3), no audit\u00f3rio do Hotel Praia<br \/>\nSol, em Nova Almeida, na Serra (ES), com a presen\u00e7a de conselheiros,<br \/>\ninspetores, representantes de entidades de classe, institui\u00e7\u00f5es de<br \/>\neduca\u00e7\u00e3o, consultores e gerentes do Conselho.<\/p>\n<p>A mesa de abertura do 11\u00ba Planejamento Estrat\u00e9gico Institucional do Crea-ES<br \/>\nfoi composta pelo ex-presidente do Crea-ES e representante do Conselho<br \/>\nFederal de Engenharia, Arquitetura e Agronomia (Confea), Eng. Eletricista<br \/>\nPaulo Bubach; pelo presidente da Associa\u00e7\u00e3o dos T\u00e9cnicos Agr\u00edcolas do<br \/>\nEsp\u00edrito Santo (Ataes), T\u00e9cnico Agr\u00edcola Vitalino Fermo, pelo presidente do<br \/>\nSindicato dos Engenheiros no Estado do Esp\u00edrito Santo (Senge-ES), Eng.<br \/>\nMec\u00e2nico Sebasti\u00e3o da Silveira Carlos Neto e pelos seguintes representantes<br \/>\nda diretoria do Crea-ES: presidente Eng. Civil Luis Fiorotti; 1\u00ba<br \/>\nvice-presidente T\u00e9cnico em Agrimensura Alo\u00edsio Carnielli; e diretor<br \/>\nadministrativo Eng. Civil Jos\u00e9 Maria Cola dos Santos.<\/p>\n<p>Fonte:Crea-ES<\/p>\n","protected":false},"excerpt":{"rendered":"<p>A abertura dos trabalhos do 11\u00ba Planejamento Estrat\u00e9gico Institucional do Crea-ES teve in\u00edcio na manh\u00e3 de s\u00e1bado (10\/3), no audit\u00f3rio do Hotel Praia Sol, em Nova Almeida, na Serra (ES), com a presen\u00e7a de conselheiros, inspetores, representantes de entidades de classe, institui\u00e7\u00f5es de educa\u00e7\u00e3o, consultores e gerentes do Conselho. A mesa de abertura do 11\u00ba [&hellip;]<\/p>\n","protected":false},"author":1,"featured_media":0,"comment_status":"open","ping_status":"open","sticky":false,"template":"","format":"standard","meta":{"footnotes":""},"categories":[1],"tags":[],"class_list":["post-7025","post","type-post","status-publish","format-standard","hentry","category-noticias"],"acf":[],"_links":{"self":[{"href":"https:\/\/www.crea-mt.org.br\/portal\/wp-json\/wp\/v2\/posts\/7025","targetHints":{"allow":["GET"]}}],"collection":[{"href":"https:\/\/www.crea-mt.org.br\/portal\/wp-json\/wp\/v2\/posts"}],"about":[{"href":"https:\/\/www.crea-mt.org.br\/portal\/wp-json\/wp\/v2\/types\/post"}],"author":[{"embeddable":true,"href":"https:\/\/www.crea-mt.org.br\/portal\/wp-json\/wp\/v2\/users\/1"}],"replies":[{"embeddable":true,"href":"https:\/\/www.crea-mt.org.br\/portal\/wp-json\/wp\/v2\/comments?post=7025"}],"version-history":[{"count":0,"href":"https:\/\/www.crea-mt.org.br\/portal\/wp-json\/wp\/v2\/posts\/7025\/revisions"}],"wp:attachment":[{"href":"https:\/\/www.crea-mt.org.br\/portal\/wp-json\/wp\/v2\/media?parent=7025"}],"wp:term":[{"taxonomy":"category","embeddable":true,"href":"https:\/\/www.crea-mt.org.br\/portal\/wp-json\/wp\/v2\/categories?post=7025"},{"taxonomy":"post_tag","embeddable":true,"href":"https:\/\/www.crea-mt.org.br\/portal\/wp-json\/wp\/v2\/tags?post=7025"}],"curies":[{"name":"wp","href":"https:\/\/api.w.org\/{rel}","templated":true}]}}