{"id":7024,"date":"2007-03-15T00:00:00","date_gmt":"2007-03-15T03:00:00","guid":{"rendered":"https:\/\/crea-mt.org.br\/portal\/wec-lanca-conselho-consultivo-no-congresso\/"},"modified":"2007-03-15T00:00:00","modified_gmt":"2007-03-15T03:00:00","slug":"wec-lanca-conselho-consultivo-no-congresso","status":"publish","type":"post","link":"https:\/\/www.crea-mt.org.br\/portal\/wec-lanca-conselho-consultivo-no-congresso\/","title":{"rendered":"WEC lan\u00e7a Conselho Consultivo no Congresso"},"content":{"rendered":"<p>O Conselho Consultivo nacional do Congresso Mundial de Engenheiros (WEC 2008) foi lan\u00e7ado ontem, 14 de mar\u00e7o, no plen\u00e1rio do Anexo II da C\u00e2mara dos Deputados. Durante o evento, coordenado pelo presidente do Confea, eng. civil Marcos T\u00falio de Melo, foi assinado um acordo de m\u00fatua coopera\u00e7\u00e3o entre Confea, o Conselho Nacional da Ind\u00fastria (CNI), a Federa\u00e7\u00e3o Brasileira de Associa\u00e7\u00f5es de Engenharia (Febrae) e a Associa\u00e7\u00e3o Brasileira dos Institutos de Pesquisa Tecnol\u00f3gica (Abipti), para organiza\u00e7\u00e3o do evento.<\/p>\n<p>O tema da WEC 2008 \u00e9 Engenharia: Inova\u00e7\u00e3o e Responsabilidade Social. &#8220;Este \u00e9 o momento de mostrar ao mundo toda a compet\u00eancia da engenharia brasileira como porta-voz de um projeto de crescimento nacional que tanto almejamos&#8221;, comemorou Marcos T\u00falio.<\/p>\n<p>A CNI ser\u00e1 a respons\u00e1vel pela organiza\u00e7\u00e3o da feira tecnol\u00f3gica, que promete ser uma das grandes atra\u00e7\u00f5es da WEC 2008. &#8220;O lan\u00e7amento aqui no Congresso \u00e9 sintom\u00e1tico: no momento em que se discute um plano de acelera\u00e7\u00e3o do crescimento para o pa\u00eds, a engenharia se fortalece e marca um discurso claramente voltado para o crescimento sustentado&#8221;, declarou Armando Monteiro Neto, deputado Federal e presidente da CNI.<\/p>\n<p>Agenda Parlamentar<br \/>\nO lan\u00e7amento do Conselho ocorreu no plen\u00e1rio do Anexo II da C\u00e2mara dos Deputados, depois de todo um dia em que repretantantes de Creas, do Confea, Conselheiros Federais e outras lideran\u00e7as do Sistema, percorreram os gabinetes de parlamentares para defender agilidade na tramita\u00e7\u00e3o de leis de interesse do Sistema Confea\/Crea.<\/p>\n<p>Cinco os projetos comp\u00f5em a Agenda Parlamentar Priorit\u00e1ria: a representa\u00e7\u00e3o federativa do Conselho Federal; a tipifica\u00e7\u00e3o como crime do exerc\u00edcio ilegal da Engenharia, Arquitetura e Agronomia; a assist\u00eancia t\u00e9cnica gratuita \/ engenharia p\u00fablica; Medidas Provis\u00f3rias para o PAC e altera\u00e7\u00f5es na Lei de Licita\u00e7\u00f5es.<\/p>\n<p>Fonte:Confea<\/p>\n","protected":false},"excerpt":{"rendered":"<p>O Conselho Consultivo nacional do Congresso Mundial de Engenheiros (WEC 2008) foi lan\u00e7ado ontem, 14 de mar\u00e7o, no plen\u00e1rio do Anexo II da C\u00e2mara dos Deputados. Durante o evento, coordenado pelo presidente do Confea, eng. civil Marcos T\u00falio de Melo, foi assinado um acordo de m\u00fatua coopera\u00e7\u00e3o entre Confea, o Conselho Nacional da Ind\u00fastria (CNI), [&hellip;]<\/p>\n","protected":false},"author":1,"featured_media":0,"comment_status":"open","ping_status":"open","sticky":false,"template":"","format":"standard","meta":{"footnotes":""},"categories":[1],"tags":[],"class_list":["post-7024","post","type-post","status-publish","format-standard","hentry","category-noticias"],"acf":[],"_links":{"self":[{"href":"https:\/\/www.crea-mt.org.br\/portal\/wp-json\/wp\/v2\/posts\/7024","targetHints":{"allow":["GET"]}}],"collection":[{"href":"https:\/\/www.crea-mt.org.br\/portal\/wp-json\/wp\/v2\/posts"}],"about":[{"href":"https:\/\/www.crea-mt.org.br\/portal\/wp-json\/wp\/v2\/types\/post"}],"author":[{"embeddable":true,"href":"https:\/\/www.crea-mt.org.br\/portal\/wp-json\/wp\/v2\/users\/1"}],"replies":[{"embeddable":true,"href":"https:\/\/www.crea-mt.org.br\/portal\/wp-json\/wp\/v2\/comments?post=7024"}],"version-history":[{"count":0,"href":"https:\/\/www.crea-mt.org.br\/portal\/wp-json\/wp\/v2\/posts\/7024\/revisions"}],"wp:attachment":[{"href":"https:\/\/www.crea-mt.org.br\/portal\/wp-json\/wp\/v2\/media?parent=7024"}],"wp:term":[{"taxonomy":"category","embeddable":true,"href":"https:\/\/www.crea-mt.org.br\/portal\/wp-json\/wp\/v2\/categories?post=7024"},{"taxonomy":"post_tag","embeddable":true,"href":"https:\/\/www.crea-mt.org.br\/portal\/wp-json\/wp\/v2\/tags?post=7024"}],"curies":[{"name":"wp","href":"https:\/\/api.w.org\/{rel}","templated":true}]}}