{"id":7023,"date":"2007-03-15T00:00:00","date_gmt":"2007-03-15T03:00:00","guid":{"rendered":"https:\/\/crea-mt.org.br\/portal\/lula-diz-que-nao-ira-politizar-as-areas-da-educacao-e-saude\/"},"modified":"2007-03-15T00:00:00","modified_gmt":"2007-03-15T03:00:00","slug":"lula-diz-que-nao-ira-politizar-as-areas-da-educacao-e-saude","status":"publish","type":"post","link":"https:\/\/www.crea-mt.org.br\/portal\/lula-diz-que-nao-ira-politizar-as-areas-da-educacao-e-saude\/","title":{"rendered":"Lula diz que n\u00e3o ir\u00e1 politizar as \u00e1reas da educa\u00e7\u00e3o e sa\u00fade"},"content":{"rendered":"<p>Fonte;Folha Online<\/p>\n<p>O presidente Luiz In\u00e1cio Lula da Silva afirmou hoje que n\u00e3o ir\u00e1 politizar os Minist\u00e9rios da Sa\u00fade e Educa\u00e7\u00e3o. Segundo ele, s\u00e3o minist\u00e9rios que n\u00e3o podem ser &#8220;partidarizados&#8221; porque &#8220;na Sa\u00fade se voc\u00ea brincar d\u00e1 \u00e9 morte e na educa\u00e7\u00e3o d\u00e1 em analfabetos&#8221;. <\/p>\n<p>Ontem, Lula nomeou o m\u00e9dico sanitarista Jos\u00e9 Gomes Tempor\u00e3o para a pasta da Sa\u00fade e deve manter na Educa\u00e7\u00e3o Fernando Haddad. <\/p>\n<p>PT e PMDB cobravam do governo as duas pastas, mas Lula n\u00e3o cedeu \u00e0s press\u00f5es dos dois partidos. Embora seja filiado ao PMDB, Tempor\u00e3o foi para o governo por uma decis\u00e3o pessoal de Lula. <\/p>\n<p>&#8220;Em educa\u00e7\u00e3o e sa\u00fade a gente n\u00e3o brinca, n\u00e3o partidariza, monta o governo com pessoas que t\u00eam capacidade. Porque na sa\u00fade se voc\u00ea brinca d\u00e1 em morte e na educa\u00e7\u00e3o d\u00e1 em analfabetos. Essas coisas s\u00e3o s\u00e9rias. Todo mundo est\u00e1 convencido de que precisamos melhorar a educa\u00e7\u00e3o&#8221;, afirmou. <\/p>\n<p>Lula voltou a repetir que n\u00e3o considera como &#8220;gasto&#8221; os investimentos em educa\u00e7\u00e3o e instou os gestores a apresentarem propostas para a \u00e1rea que o governo ajuda a custear. &#8220;N\u00e3o considero gasto investir em educa\u00e7\u00e3o. \u00c9 o investimento mais barato que o Brasil pode ter na forma\u00e7\u00e3o do seu povo&#8221;, disse. <\/p>\n<p>Criminalidade<\/p>\n<p>Em reuni\u00e3o com educadores para discutir o PAC (Programa de Acelera\u00e7\u00e3o do Crescimento) da educa\u00e7\u00e3o, Lula disse que \u00e9 contra a redu\u00e7\u00e3o da maioridade penal e defendeu medidas na \u00e1rea do ensino para combater a criminalidade. <\/p>\n<p>Segundo Lula, h\u00e1 no pa\u00eds 24 milh\u00f5es de jovens de 15 a 24 anos que est\u00e3o fora da escola e n\u00e3o trabalham. &#8220;S\u00e3o pessoas que est\u00e3o a merc\u00ea do crime organizado e temos que cuidar delas&#8221;, disse. Conforme Lula, o grade desafio do Brasil \u00e9 garantir uma educa\u00e7\u00e3o de qualidade. <\/p>\n","protected":false},"excerpt":{"rendered":"<p>Fonte;Folha Online O presidente Luiz In\u00e1cio Lula da Silva afirmou hoje que n\u00e3o ir\u00e1 politizar os Minist\u00e9rios da Sa\u00fade e Educa\u00e7\u00e3o. Segundo ele, s\u00e3o minist\u00e9rios que n\u00e3o podem ser &#8220;partidarizados&#8221; porque &#8220;na Sa\u00fade se voc\u00ea brincar d\u00e1 \u00e9 morte e na educa\u00e7\u00e3o d\u00e1 em analfabetos&#8221;. Ontem, Lula nomeou o m\u00e9dico sanitarista Jos\u00e9 Gomes Tempor\u00e3o para [&hellip;]<\/p>\n","protected":false},"author":1,"featured_media":0,"comment_status":"open","ping_status":"open","sticky":false,"template":"","format":"standard","meta":{"footnotes":""},"categories":[1],"tags":[],"class_list":["post-7023","post","type-post","status-publish","format-standard","hentry","category-noticias"],"acf":[],"_links":{"self":[{"href":"https:\/\/www.crea-mt.org.br\/portal\/wp-json\/wp\/v2\/posts\/7023","targetHints":{"allow":["GET"]}}],"collection":[{"href":"https:\/\/www.crea-mt.org.br\/portal\/wp-json\/wp\/v2\/posts"}],"about":[{"href":"https:\/\/www.crea-mt.org.br\/portal\/wp-json\/wp\/v2\/types\/post"}],"author":[{"embeddable":true,"href":"https:\/\/www.crea-mt.org.br\/portal\/wp-json\/wp\/v2\/users\/1"}],"replies":[{"embeddable":true,"href":"https:\/\/www.crea-mt.org.br\/portal\/wp-json\/wp\/v2\/comments?post=7023"}],"version-history":[{"count":0,"href":"https:\/\/www.crea-mt.org.br\/portal\/wp-json\/wp\/v2\/posts\/7023\/revisions"}],"wp:attachment":[{"href":"https:\/\/www.crea-mt.org.br\/portal\/wp-json\/wp\/v2\/media?parent=7023"}],"wp:term":[{"taxonomy":"category","embeddable":true,"href":"https:\/\/www.crea-mt.org.br\/portal\/wp-json\/wp\/v2\/categories?post=7023"},{"taxonomy":"post_tag","embeddable":true,"href":"https:\/\/www.crea-mt.org.br\/portal\/wp-json\/wp\/v2\/tags?post=7023"}],"curies":[{"name":"wp","href":"https:\/\/api.w.org\/{rel}","templated":true}]}}