{"id":7022,"date":"2007-03-15T00:00:00","date_gmt":"2007-03-15T03:00:00","guid":{"rendered":"https:\/\/crea-mt.org.br\/portal\/em-ms-80-criancas-indigenas-esperam-por-atendimento\/"},"modified":"2007-03-15T00:00:00","modified_gmt":"2007-03-15T03:00:00","slug":"em-ms-80-criancas-indigenas-esperam-por-atendimento","status":"publish","type":"post","link":"https:\/\/www.crea-mt.org.br\/portal\/em-ms-80-criancas-indigenas-esperam-por-atendimento\/","title":{"rendered":"Em MS, 80 crian\u00e7as ind\u00edgenas esperam por atendimento"},"content":{"rendered":"<p>Fonte:Folha Online<\/p>\n<p>Ao menos 80 crian\u00e7as ind\u00edgenas das etnias guarani e caiu\u00e1 aguardam vagas para interna\u00e7\u00e3o no Centro de Recupera\u00e7\u00e3o de Crian\u00e7as Desnutridas, conhecido como Centrinho, em Dourados (MS). Outras 38 crian\u00e7as &#8211;a capacidade m\u00e1xima de atendimento&#8211; de at\u00e9 tr\u00eas anos j\u00e1 est\u00e3o internadas.<\/p>\n<p>O Centrinho \u00e9 administrado pelo hospital da Miss\u00e3o Evang\u00e9lica Caiu\u00e1, na entrada de reserva ind\u00edgena de Dourados. No hospital, o menino Rog\u00e9rio Vilhalva, de um ano e dois meses, que morreu no domingo passado, foi internado no \u00faltimo dia 6 com um quadro de desnutri\u00e7\u00e3o moderada.<\/p>\n<p>&#8220;N\u00f3s temos 38 crian\u00e7as internadas, mas 80 devem estar precisando [de interna\u00e7\u00e3o]&#8221;, disse o m\u00e9dico Ant\u00f4nio Aur\u00e9lio Teixeira de Carvalho Neto.<\/p>\n<p>Segundo ele, as crian\u00e7as v\u00eam da regi\u00e3o sul do Estado &#8211;onde vivem cerca de 30 mil \u00edndios guaranis e caiu\u00e1s. Segundo o m\u00e9dico, h\u00e1 tamb\u00e9m crian\u00e7as em fam\u00edlias com problemas com alcoolismo e conflitos culturais. &#8220;Os pais acham que s\u00e3o maldi\u00e7\u00e3o&#8221;, afirmou ele, referindo-se aos indiozinhos nascidos com fissura labiopalatal.<\/p>\n<p>No Centrinho, a maioria das crian\u00e7as volta a ganhar peso em at\u00e9 60 dias. O m\u00e9dico da Funasa Zelick Trajber afirma, por\u00e9m, que algumas delas podem ficar internadas at\u00e9 seis meses. Embora possam receber alta, essas crian\u00e7as permanecem no Centrinho porque a Funasa teme que, nas aldeias, as crian\u00e7as voltem a ficar desnutridas. Em 2006, a Funasa atendeu 1.041 crian\u00e7as desnutridas em MS &#8211;79 com desnutri\u00e7\u00e3o grave.<\/p>\n","protected":false},"excerpt":{"rendered":"<p>Fonte:Folha Online Ao menos 80 crian\u00e7as ind\u00edgenas das etnias guarani e caiu\u00e1 aguardam vagas para interna\u00e7\u00e3o no Centro de Recupera\u00e7\u00e3o de Crian\u00e7as Desnutridas, conhecido como Centrinho, em Dourados (MS). Outras 38 crian\u00e7as &#8211;a capacidade m\u00e1xima de atendimento&#8211; de at\u00e9 tr\u00eas anos j\u00e1 est\u00e3o internadas. O Centrinho \u00e9 administrado pelo hospital da Miss\u00e3o Evang\u00e9lica Caiu\u00e1, na [&hellip;]<\/p>\n","protected":false},"author":1,"featured_media":0,"comment_status":"open","ping_status":"open","sticky":false,"template":"","format":"standard","meta":{"footnotes":""},"categories":[1],"tags":[],"class_list":["post-7022","post","type-post","status-publish","format-standard","hentry","category-noticias"],"acf":[],"_links":{"self":[{"href":"https:\/\/www.crea-mt.org.br\/portal\/wp-json\/wp\/v2\/posts\/7022","targetHints":{"allow":["GET"]}}],"collection":[{"href":"https:\/\/www.crea-mt.org.br\/portal\/wp-json\/wp\/v2\/posts"}],"about":[{"href":"https:\/\/www.crea-mt.org.br\/portal\/wp-json\/wp\/v2\/types\/post"}],"author":[{"embeddable":true,"href":"https:\/\/www.crea-mt.org.br\/portal\/wp-json\/wp\/v2\/users\/1"}],"replies":[{"embeddable":true,"href":"https:\/\/www.crea-mt.org.br\/portal\/wp-json\/wp\/v2\/comments?post=7022"}],"version-history":[{"count":0,"href":"https:\/\/www.crea-mt.org.br\/portal\/wp-json\/wp\/v2\/posts\/7022\/revisions"}],"wp:attachment":[{"href":"https:\/\/www.crea-mt.org.br\/portal\/wp-json\/wp\/v2\/media?parent=7022"}],"wp:term":[{"taxonomy":"category","embeddable":true,"href":"https:\/\/www.crea-mt.org.br\/portal\/wp-json\/wp\/v2\/categories?post=7022"},{"taxonomy":"post_tag","embeddable":true,"href":"https:\/\/www.crea-mt.org.br\/portal\/wp-json\/wp\/v2\/tags?post=7022"}],"curies":[{"name":"wp","href":"https:\/\/api.w.org\/{rel}","templated":true}]}}