{"id":7020,"date":"2007-03-15T00:00:00","date_gmt":"2007-03-15T03:00:00","guid":{"rendered":"https:\/\/crea-mt.org.br\/portal\/recursos-inutilizadoslinha-emergencial-de-combate-a-doenca-nao-registra-qualquer-demanda-entre-os-sojicultores-estaduais\/"},"modified":"2007-03-15T00:00:00","modified_gmt":"2007-03-15T03:00:00","slug":"recursos-inutilizadoslinha-emergencial-de-combate-a-doenca-nao-registra-qualquer-demanda-entre-os-sojicultores-estaduais","status":"publish","type":"post","link":"https:\/\/www.crea-mt.org.br\/portal\/recursos-inutilizadoslinha-emergencial-de-combate-a-doenca-nao-registra-qualquer-demanda-entre-os-sojicultores-estaduais\/","title":{"rendered":"Recursos inutilizados:Linha emergencial de combate \u00e0 doen\u00e7a n\u00e3o registra qualquer demanda entre os sojicultores estaduais"},"content":{"rendered":"<p>Fonte:Di\u00e1rio de Cuiab\u00e1<\/p>\n<p>Os produtores de Mato Grosso n\u00e3o utilizaram a linha de cr\u00e9dito emergencial do Fundo Constitucional do Centro-Oeste (FCO) para a preven\u00e7\u00e3o, controle e combate \u00e0 ferrugem asi\u00e1tica da soja. Dispon\u00edvel desde outubro do ano passado, a linha n\u00e3o registrou nenhuma demanda no Estado, apesar do hist\u00f3rico de forte incid\u00eancia da doen\u00e7a, principalmente ao sul de Cuiab\u00e1. <\/p>\n<p>O prazo para protocolo de cartas-consultas expira no dia 31. A cria\u00e7\u00e3o da linha foi resultado das mobiliza\u00e7\u00f5es do setor rural junto \u00e0 Uni\u00e3o nos anos de 2005 e 2006, ap\u00f3s duas safras marcadas pela perda nos pre\u00e7os da commodity em raz\u00e3o da desvaloriza\u00e7\u00e3o do d\u00f3lar frente ao real, incid\u00eancia da ferrugem e eleva\u00e7\u00e3o dos custos de produ\u00e7\u00e3o da oleaginosa. <\/p>\n<p>Segundo o vice-presidente da Associa\u00e7\u00e3o dos Produtores de Soja do Estado (Aprosoja\/MT), Glauber Silveira, um dos motivos foi a burocracia imposta pelo Banco do Brasil, j\u00e1 que as exig\u00eancias para a obten\u00e7\u00e3o do empr\u00e9stimo para a ferrugem s\u00e3o basicamente as mesmas de um financiamento comum, via FCO. <\/p>\n<p>O limite financi\u00e1vel \u00e9 de at\u00e9 100% do valor do or\u00e7amento apresentado, desde que o valor n\u00e3o ultrapasse ao teto m\u00e1ximo de R$ 140 mil por tomador. <\/p>\n<p>Os encargos financeiros e as taxas de juros variam de acordo com o porte do produtor: para mini, a taxa \u00e9 de 6% ao ano, pequeno e m\u00e9dio, 8,75% e grande, 10,75% ao ano. <\/p>\n<p>&#8220;No ano passado, muitos produtores tentaram o financiamento, mas n\u00e3o conseguiram. O BB \u00e9 engessado nisso e, para renovar o limite do produtor, est\u00e1 demorando at\u00e9 quatro meses&#8221;, critica Glauber, que tem 10 mil hectares de soja plantados na regi\u00e3o de Campos de J\u00falio e que n\u00e3o conseguiu acessar ao financiamento no ano passado. &#8220;O Banco do Brasil s\u00f3 d\u00e1 recurso para quem n\u00e3o precisa&#8221;. <\/p>\n<p>De acordo com o vice-presidente da Aprosoja\/MT, muitos produtores sequer conseguem uma resposta do Banco do Brasil (BB). &#8220;L\u00e1 [no BB] n\u00e3o h\u00e1 quem analise as propostas. A institui\u00e7\u00e3o est\u00e1 ocupada com outras coisas e n\u00e3o est\u00e1 dando aten\u00e7\u00e3o ao produtor&#8221;, afirmou Glauber, lembrando n\u00e3o conhecer &#8220;ningu\u00e9m que tenha tido acesso aos recursos para o controle da ferrugem da soja&#8221; em Mato Grosso. <\/p>\n<p>A Superintend\u00eancia do Banco do Brasil em Mato Grosso confirmou ontem, por meio da sua assessoria de imprensa, que no ano passado n\u00e3o foram feitas contrata\u00e7\u00f5es de financiamento para preven\u00e7\u00e3o e controle da ferrugem asi\u00e1tica da soja. <\/p>\n<p>O gerente de mercado de Agroneg\u00f3cio do BB, Ol\u00edmpio Vasconcelos, explica que a linha segue as normas do FCO e que o acesso aos recursos depende da apresenta\u00e7\u00e3o de cartas-consultas. &#8220;O limite de cr\u00e9dito \u00e9 geral para todos os produtores. Uma vez aprovado o limite, a libera\u00e7\u00e3o dos recursos para a carta-consulta sai em cerca de dez dias. Para se ter uma id\u00e9ia, passado o tumulto das renegocia\u00e7\u00f5es das d\u00edvidas rurais, temos renovado limites em cerca de 20 dias&#8221;. <\/p>\n<p>Ol\u00edmpio explica que ainda n\u00e3o h\u00e1 qualquer defini\u00e7\u00e3o ou sinaliza\u00e7\u00e3o do Conselho de Desenvolvimento do FCO (Condel), sobre a manuten\u00e7\u00e3o da linha para a safra 07\/08. &#8220;O que sabemos \u00e9 que o prazo para concess\u00e3o do cr\u00e9dito termina no pr\u00f3ximo dia 31&#8221;. <\/p>\n<p>Os pr\u00f3prios produtores n\u00e3o acreditam que haver\u00e1 algum financiamento para combate \u00e0 ferrugem neste ano, j\u00e1 que a colheita da soja entra na reta final no Estado. Segundo dados divulgados ontem pela Ag\u00eancia Rural (AgRural), 69% de uma \u00e1rea estimada em 5,3 milh\u00f5es de hectares estava colhido at\u00e9 a \u00faltima ter\u00e7a-feira. (Colaborou Marianna Peres) <\/p>\n","protected":false},"excerpt":{"rendered":"<p>Fonte:Di\u00e1rio de Cuiab\u00e1 Os produtores de Mato Grosso n\u00e3o utilizaram a linha de cr\u00e9dito emergencial do Fundo Constitucional do Centro-Oeste (FCO) para a preven\u00e7\u00e3o, controle e combate \u00e0 ferrugem asi\u00e1tica da soja. Dispon\u00edvel desde outubro do ano passado, a linha n\u00e3o registrou nenhuma demanda no Estado, apesar do hist\u00f3rico de forte incid\u00eancia da doen\u00e7a, principalmente [&hellip;]<\/p>\n","protected":false},"author":1,"featured_media":0,"comment_status":"open","ping_status":"open","sticky":false,"template":"","format":"standard","meta":{"footnotes":""},"categories":[1],"tags":[],"class_list":["post-7020","post","type-post","status-publish","format-standard","hentry","category-noticias"],"acf":[],"_links":{"self":[{"href":"https:\/\/www.crea-mt.org.br\/portal\/wp-json\/wp\/v2\/posts\/7020","targetHints":{"allow":["GET"]}}],"collection":[{"href":"https:\/\/www.crea-mt.org.br\/portal\/wp-json\/wp\/v2\/posts"}],"about":[{"href":"https:\/\/www.crea-mt.org.br\/portal\/wp-json\/wp\/v2\/types\/post"}],"author":[{"embeddable":true,"href":"https:\/\/www.crea-mt.org.br\/portal\/wp-json\/wp\/v2\/users\/1"}],"replies":[{"embeddable":true,"href":"https:\/\/www.crea-mt.org.br\/portal\/wp-json\/wp\/v2\/comments?post=7020"}],"version-history":[{"count":0,"href":"https:\/\/www.crea-mt.org.br\/portal\/wp-json\/wp\/v2\/posts\/7020\/revisions"}],"wp:attachment":[{"href":"https:\/\/www.crea-mt.org.br\/portal\/wp-json\/wp\/v2\/media?parent=7020"}],"wp:term":[{"taxonomy":"category","embeddable":true,"href":"https:\/\/www.crea-mt.org.br\/portal\/wp-json\/wp\/v2\/categories?post=7020"},{"taxonomy":"post_tag","embeddable":true,"href":"https:\/\/www.crea-mt.org.br\/portal\/wp-json\/wp\/v2\/tags?post=7020"}],"curies":[{"name":"wp","href":"https:\/\/api.w.org\/{rel}","templated":true}]}}