{"id":7019,"date":"2007-03-15T00:00:00","date_gmt":"2007-03-15T03:00:00","guid":{"rendered":"https:\/\/crea-mt.org.br\/portal\/atraso-tecnologicosem-biotecnologia-brasil-perdeu-us-8-bi-mt-tem-70-da-safra-ogm-2\/"},"modified":"2007-03-15T00:00:00","modified_gmt":"2007-03-15T03:00:00","slug":"atraso-tecnologicosem-biotecnologia-brasil-perdeu-us-8-bi-mt-tem-70-da-safra-ogm-2","status":"publish","type":"post","link":"https:\/\/www.crea-mt.org.br\/portal\/atraso-tecnologicosem-biotecnologia-brasil-perdeu-us-8-bi-mt-tem-70-da-safra-ogm-2\/","title":{"rendered":"ATRASO TECNOL\u00d3GICO:Sem biotecnologia, Brasil perdeu US$ 8 bi. MT tem 70% da safra OGM"},"content":{"rendered":"<p>Fonte:Di\u00e1rio de Cuiab\u00e1<\/p>\n<p>Em oito anos, o setor agr\u00edcola brasileiro poderia ter economizado aproximadamente UR$ 8 bilh\u00f5es com as culturas soja, algod\u00e3o e milho, se o pa\u00eds tivesse adotado h\u00e1 \u00e9poca sementes geneticamente modificadas em parte de sua \u00e1rea plantada. Em real, a economia seria de R$ 16,8 bilh\u00f5es, considerando uma cota\u00e7\u00e3o m\u00e9dia do d\u00f3lar a R$ 2,10. <\/p>\n<p>O c\u00e1lculo do deputado federal e presidente da Federa\u00e7\u00e3o da Agricultura e Pecu\u00e1ria do estado, Homero Pereira (PR\/MT), est\u00e1 baseado na pesquisa do economista Edgard Antonio Pereira, da Consultoria e Assessoria Econ\u00f4mica (EDAP), encomendada pela Associa\u00e7\u00e3o Brasileira dos Produtores de Sementes e Mudas (Abrasem). <\/p>\n<p>Segundo o deputado, o Estado cultiva nesta safra (06\/07) cerca de 5 mil hectares com soja, dos quais entre 60% a 70% est\u00e3o ocupados com soja geneticamente modificada. &#8220;Os sojicultores mato-grossenses devem economizar aproximadamente US$ 2,543 milh\u00f5es, sendo US$ 1,481 milh\u00e3o com a redu\u00e7\u00e3o dos gastos em defensivos agr\u00edcolas e US$ 1,061 milh\u00e3o com o aumento de produtividade&#8221;. <\/p>\n<p>O estudo, apresentado \u00e0 Comiss\u00e3o da Agricultura, Pecu\u00e1ria, Abastecimento e Desenvolvimento Rural (CAPADR) na \u00faltima ter\u00e7a-feira, aponta os benef\u00edcios ambientais e ganhos econ\u00f4micos gerados pelas sementes geneticamente modificadas. <\/p>\n<p>&#8220;A pesquisa mostra o quanto a agricultura perdeu pelo atraso na libera\u00e7\u00e3o dos transg\u00eanicos. S\u00e3o US$ 1,133 bilh\u00e3o por ano. Precisamos avan\u00e7ar na implanta\u00e7\u00e3o dos OGMs para outras culturas tamb\u00e9m como o milho e as hortali\u00e7as, evitar\u00edamos danos ao meio ambiente com o uso demasiado de agroqu\u00edmicos e \u00e0 sa\u00fade humana&#8221;, argumentou. <\/p>\n","protected":false},"excerpt":{"rendered":"<p>Fonte:Di\u00e1rio de Cuiab\u00e1 Em oito anos, o setor agr\u00edcola brasileiro poderia ter economizado aproximadamente UR$ 8 bilh\u00f5es com as culturas soja, algod\u00e3o e milho, se o pa\u00eds tivesse adotado h\u00e1 \u00e9poca sementes geneticamente modificadas em parte de sua \u00e1rea plantada. Em real, a economia seria de R$ 16,8 bilh\u00f5es, considerando uma cota\u00e7\u00e3o m\u00e9dia do d\u00f3lar [&hellip;]<\/p>\n","protected":false},"author":1,"featured_media":0,"comment_status":"open","ping_status":"open","sticky":false,"template":"","format":"standard","meta":{"footnotes":""},"categories":[1],"tags":[],"class_list":["post-7019","post","type-post","status-publish","format-standard","hentry","category-noticias"],"acf":[],"_links":{"self":[{"href":"https:\/\/www.crea-mt.org.br\/portal\/wp-json\/wp\/v2\/posts\/7019","targetHints":{"allow":["GET"]}}],"collection":[{"href":"https:\/\/www.crea-mt.org.br\/portal\/wp-json\/wp\/v2\/posts"}],"about":[{"href":"https:\/\/www.crea-mt.org.br\/portal\/wp-json\/wp\/v2\/types\/post"}],"author":[{"embeddable":true,"href":"https:\/\/www.crea-mt.org.br\/portal\/wp-json\/wp\/v2\/users\/1"}],"replies":[{"embeddable":true,"href":"https:\/\/www.crea-mt.org.br\/portal\/wp-json\/wp\/v2\/comments?post=7019"}],"version-history":[{"count":0,"href":"https:\/\/www.crea-mt.org.br\/portal\/wp-json\/wp\/v2\/posts\/7019\/revisions"}],"wp:attachment":[{"href":"https:\/\/www.crea-mt.org.br\/portal\/wp-json\/wp\/v2\/media?parent=7019"}],"wp:term":[{"taxonomy":"category","embeddable":true,"href":"https:\/\/www.crea-mt.org.br\/portal\/wp-json\/wp\/v2\/categories?post=7019"},{"taxonomy":"post_tag","embeddable":true,"href":"https:\/\/www.crea-mt.org.br\/portal\/wp-json\/wp\/v2\/tags?post=7019"}],"curies":[{"name":"wp","href":"https:\/\/api.w.org\/{rel}","templated":true}]}}