{"id":7017,"date":"2007-03-15T00:00:00","date_gmt":"2007-03-15T03:00:00","guid":{"rendered":"https:\/\/crea-mt.org.br\/portal\/divida-ruralprodutores-creem-em-mp-ainda-esta-semana\/"},"modified":"2007-03-15T00:00:00","modified_gmt":"2007-03-15T03:00:00","slug":"divida-ruralprodutores-creem-em-mp-ainda-esta-semana","status":"publish","type":"post","link":"https:\/\/www.crea-mt.org.br\/portal\/divida-ruralprodutores-creem-em-mp-ainda-esta-semana\/","title":{"rendered":"D\u00cdVIDA RURAL:Produtores cr\u00eaem em MP ainda esta semana"},"content":{"rendered":"<p>Fonte:Di\u00e1rio de Cuiab\u00e1<br \/>\nO governo federal deve editar nos pr\u00f3ximos dias a medida provis\u00f3ria que criar\u00e1 o Fundo de Receb\u00edveis do Agroneg\u00f3cio (FRA), instrumento para garantir o refinanciamento da d\u00edvida, estimada em R$ 4 bilh\u00f5es, contra\u00edda pelos produtores rurais com o setor privado desde a safra 04\/05. Pela proposta, articulada entre o governo, bancos, empresas e produtores, a d\u00edvida seria refinanciada com recursos do Fundo de Amparo ao Trabalhador (FAT) Giro Rural e recontratada. Seriam atendidos produtores de soja, milho, arroz e algod\u00e3o, basicamente do Mato Grosso, Goi\u00e1s e Bahia. O d\u00e9bito ser\u00e1 refinanciado por cinco anos, com car\u00eancia de dois anos.<\/p>\n","protected":false},"excerpt":{"rendered":"<p>Fonte:Di\u00e1rio de Cuiab\u00e1 O governo federal deve editar nos pr\u00f3ximos dias a medida provis\u00f3ria que criar\u00e1 o Fundo de Receb\u00edveis do Agroneg\u00f3cio (FRA), instrumento para garantir o refinanciamento da d\u00edvida, estimada em R$ 4 bilh\u00f5es, contra\u00edda pelos produtores rurais com o setor privado desde a safra 04\/05. Pela proposta, articulada entre o governo, bancos, empresas [&hellip;]<\/p>\n","protected":false},"author":1,"featured_media":0,"comment_status":"open","ping_status":"open","sticky":false,"template":"","format":"standard","meta":{"footnotes":""},"categories":[1],"tags":[],"class_list":["post-7017","post","type-post","status-publish","format-standard","hentry","category-noticias"],"acf":[],"_links":{"self":[{"href":"https:\/\/www.crea-mt.org.br\/portal\/wp-json\/wp\/v2\/posts\/7017","targetHints":{"allow":["GET"]}}],"collection":[{"href":"https:\/\/www.crea-mt.org.br\/portal\/wp-json\/wp\/v2\/posts"}],"about":[{"href":"https:\/\/www.crea-mt.org.br\/portal\/wp-json\/wp\/v2\/types\/post"}],"author":[{"embeddable":true,"href":"https:\/\/www.crea-mt.org.br\/portal\/wp-json\/wp\/v2\/users\/1"}],"replies":[{"embeddable":true,"href":"https:\/\/www.crea-mt.org.br\/portal\/wp-json\/wp\/v2\/comments?post=7017"}],"version-history":[{"count":0,"href":"https:\/\/www.crea-mt.org.br\/portal\/wp-json\/wp\/v2\/posts\/7017\/revisions"}],"wp:attachment":[{"href":"https:\/\/www.crea-mt.org.br\/portal\/wp-json\/wp\/v2\/media?parent=7017"}],"wp:term":[{"taxonomy":"category","embeddable":true,"href":"https:\/\/www.crea-mt.org.br\/portal\/wp-json\/wp\/v2\/categories?post=7017"},{"taxonomy":"post_tag","embeddable":true,"href":"https:\/\/www.crea-mt.org.br\/portal\/wp-json\/wp\/v2\/tags?post=7017"}],"curies":[{"name":"wp","href":"https:\/\/api.w.org\/{rel}","templated":true}]}}