{"id":7016,"date":"2007-03-15T00:00:00","date_gmt":"2007-03-15T03:00:00","guid":{"rendered":"https:\/\/crea-mt.org.br\/portal\/crea-mt-atende-solicitacoes-do-ministerio-publico\/"},"modified":"2007-03-15T00:00:00","modified_gmt":"2007-03-15T03:00:00","slug":"crea-mt-atende-solicitacoes-do-ministerio-publico","status":"publish","type":"post","link":"https:\/\/www.crea-mt.org.br\/portal\/crea-mt-atende-solicitacoes-do-ministerio-publico\/","title":{"rendered":"Crea-MT atende solicita\u00e7\u00f5es do Minist\u00e9rio P\u00fablico"},"content":{"rendered":"<p>Fiscaliza\u00e7\u00e3o Preventiva Integrada (FPI), coordenada pelo Conselho Regional de Engenharia, Arquitetura e Agronomia de Mato Grosso (Crea-MT), atende entre os dia 13 e 16 de mar\u00e7o, solicita\u00e7\u00f5es de fiscaliza\u00e7\u00e3o para o Minist\u00e9rio P\u00fablico Estadual (MPE) nos munic\u00edpios de Cuiab\u00e1, V\u00e1rzea Grande e Pocon\u00e9.<\/p>\n<p>Os locais denunciados s\u00e3o de passeio p\u00fablico, universidades, centro de reabilita\u00e7\u00e3o, estabelecimentos comerciais e supermercados que precisam estar adaptados para acessibilidade, projetos de hidr\u00e1ulica e preventivos de combate a inc\u00eandio al\u00e9m de assegurar que as condi\u00e7\u00f5es higi\u00eanico-sanit\u00e1rio, manuten\u00e7\u00e3o estrutural e parte el\u00e9trica estejam dentro das normas de seguran\u00e7a exigidas em lei.<\/p>\n<p>Em Cuiab\u00e1 ser\u00e3o fiscalizados o C\u00f3rrego Vassoral &#8211; antigo Gomital, na avenida Historiador Rubens de Mendon\u00e7a; a Universidade de Cuiab\u00e1 (Unic); a Escola Estadual Professor Ant\u00f4nio Epaminondas; a Funda\u00e7\u00e3o Educacional de Cuiab\u00e1 (Funec); o Condom\u00ednio OGTO, no centro da cidade e o Complexo Cultural Silva Freire.<\/p>\n<p>J\u00e1 em V\u00e1rzea Grande ser\u00e3o fiscalizados o Supermercado Comper, o residencial Santa M\u00f4nica e, o Centro de Reabilita\u00e7\u00e3o Dom Aquino Correia. Em Pocon\u00e9, a antena da Tim a F\u00e1brica 5 e o Planet Dance tamb\u00e9m receber\u00e3o a visita da FPI.<\/p>\n<p>Participam da FPI, o Copo de Bombeiros, as Prefeituras de Cuiab\u00e1, de V\u00e1rzea Grande e Pocon\u00e9, Vigil\u00e2ncia Sanit\u00e1ria, Procon e Crefito.<\/p>\n<p>*Rafaela Maximiano<br \/>\nAssessoria\/Crea-MT<\/p>\n<p>*Cristina Cavaleiro<br \/>\nEspecial para o Crea-MT<\/p>\n","protected":false},"excerpt":{"rendered":"<p>Fiscaliza\u00e7\u00e3o Preventiva Integrada (FPI), coordenada pelo Conselho Regional de Engenharia, Arquitetura e Agronomia de Mato Grosso (Crea-MT), atende entre os dia 13 e 16 de mar\u00e7o, solicita\u00e7\u00f5es de fiscaliza\u00e7\u00e3o para o Minist\u00e9rio P\u00fablico Estadual (MPE) nos munic\u00edpios de Cuiab\u00e1, V\u00e1rzea Grande e Pocon\u00e9. Os locais denunciados s\u00e3o de passeio p\u00fablico, universidades, centro de reabilita\u00e7\u00e3o, estabelecimentos [&hellip;]<\/p>\n","protected":false},"author":1,"featured_media":0,"comment_status":"open","ping_status":"open","sticky":false,"template":"","format":"standard","meta":{"footnotes":""},"categories":[1],"tags":[],"class_list":["post-7016","post","type-post","status-publish","format-standard","hentry","category-noticias"],"acf":[],"_links":{"self":[{"href":"https:\/\/www.crea-mt.org.br\/portal\/wp-json\/wp\/v2\/posts\/7016","targetHints":{"allow":["GET"]}}],"collection":[{"href":"https:\/\/www.crea-mt.org.br\/portal\/wp-json\/wp\/v2\/posts"}],"about":[{"href":"https:\/\/www.crea-mt.org.br\/portal\/wp-json\/wp\/v2\/types\/post"}],"author":[{"embeddable":true,"href":"https:\/\/www.crea-mt.org.br\/portal\/wp-json\/wp\/v2\/users\/1"}],"replies":[{"embeddable":true,"href":"https:\/\/www.crea-mt.org.br\/portal\/wp-json\/wp\/v2\/comments?post=7016"}],"version-history":[{"count":0,"href":"https:\/\/www.crea-mt.org.br\/portal\/wp-json\/wp\/v2\/posts\/7016\/revisions"}],"wp:attachment":[{"href":"https:\/\/www.crea-mt.org.br\/portal\/wp-json\/wp\/v2\/media?parent=7016"}],"wp:term":[{"taxonomy":"category","embeddable":true,"href":"https:\/\/www.crea-mt.org.br\/portal\/wp-json\/wp\/v2\/categories?post=7016"},{"taxonomy":"post_tag","embeddable":true,"href":"https:\/\/www.crea-mt.org.br\/portal\/wp-json\/wp\/v2\/tags?post=7016"}],"curies":[{"name":"wp","href":"https:\/\/api.w.org\/{rel}","templated":true}]}}