{"id":7012,"date":"2007-03-16T00:00:00","date_gmt":"2007-03-16T03:00:00","guid":{"rendered":"https:\/\/crea-mt.org.br\/portal\/valorizar-a-profissao-e-fazer-o-pais-crescer\/"},"modified":"2007-03-16T00:00:00","modified_gmt":"2007-03-16T03:00:00","slug":"valorizar-a-profissao-e-fazer-o-pais-crescer","status":"publish","type":"post","link":"https:\/\/www.crea-mt.org.br\/portal\/valorizar-a-profissao-e-fazer-o-pais-crescer\/","title":{"rendered":"Valorizar a profiss\u00e3o e fazer o Pa\u00eds crescer"},"content":{"rendered":"<p>Fonte:Confea<\/p>\n<p>De norte a sul um sentimento une os profissionais da Engenharia Civil durante os debates que se realizam nas C\u00e2maras Especializadas. Resgatar o valor da profiss\u00e3o e influir com a\u00e7\u00f5es que contribuam para o desenvolvimento econ\u00f4mico do Pa\u00eds. Para eles, \u00e9 preocupante que 80 mil novos profissionais estejam dispon\u00edveis para o mercado de trabalho, sem perspectiva de encontr\u00e1-lo.<\/p>\n<p>Do orgulho de ter cursado Engenharia Civil, quando a profiss\u00e3o garantia o status quo, ao desencanto de ver fun\u00e7\u00f5es, antes exercidas exclusivamente por eles, serem ocupadas por profissionais de outras \u00e1reas, os Engenheiros querem retomar seu espa\u00e7o. Do Amazonas o profissional liberal Avelino Pereira J\u00fanior, 33 anos de profiss\u00e3o, disse de sua vontade de buscar junto com os colegas formas de valorizar o profissional, inclusive de melhor remunera\u00e7\u00e3o salarial.<\/p>\n<p>Homero Cat\u00e3o, da Para\u00edba questiona qual o momento que a C\u00e2mara Especializada de Engenharia Civil vive e defende partir para a a\u00e7\u00e3o, ao inv\u00e9s de reagir a manifesta\u00e7\u00f5es, partindo de estrat\u00e9gias pr\u00e9-determinadas. Professor da Universidade Federal da Para\u00edba ele prop\u00f5e que haja um movimento de integra\u00e7\u00e3o com os novos engenheiros que chegam ao mercado de trabalho.<\/p>\n<p>Engenheiro &#8220;por legado de fam\u00edlia&#8221; Osmar Pinheiro, do Tocantins, considera poss\u00edvel aos engenheiros estabelecer um marco diferencial nesse momento pol\u00edtico pelo qual passa o Pa\u00eds, pela objetividade no trabalho. O paulista Jos\u00e9 Galdino Barbosa Junior considera que o an\u00fancio do Programa de Acelera\u00e7\u00e3o feito pelo Governo com previs\u00e3o de grandes investimentos em obras de engenharia \u00e9 uma oportunidade \u00edmpar para fortalecer a imagem e o profissional.<\/p>\n","protected":false},"excerpt":{"rendered":"<p>Fonte:Confea De norte a sul um sentimento une os profissionais da Engenharia Civil durante os debates que se realizam nas C\u00e2maras Especializadas. Resgatar o valor da profiss\u00e3o e influir com a\u00e7\u00f5es que contribuam para o desenvolvimento econ\u00f4mico do Pa\u00eds. Para eles, \u00e9 preocupante que 80 mil novos profissionais estejam dispon\u00edveis para o mercado de trabalho, [&hellip;]<\/p>\n","protected":false},"author":1,"featured_media":0,"comment_status":"open","ping_status":"open","sticky":false,"template":"","format":"standard","meta":{"footnotes":""},"categories":[1],"tags":[],"class_list":["post-7012","post","type-post","status-publish","format-standard","hentry","category-noticias"],"acf":[],"_links":{"self":[{"href":"https:\/\/www.crea-mt.org.br\/portal\/wp-json\/wp\/v2\/posts\/7012","targetHints":{"allow":["GET"]}}],"collection":[{"href":"https:\/\/www.crea-mt.org.br\/portal\/wp-json\/wp\/v2\/posts"}],"about":[{"href":"https:\/\/www.crea-mt.org.br\/portal\/wp-json\/wp\/v2\/types\/post"}],"author":[{"embeddable":true,"href":"https:\/\/www.crea-mt.org.br\/portal\/wp-json\/wp\/v2\/users\/1"}],"replies":[{"embeddable":true,"href":"https:\/\/www.crea-mt.org.br\/portal\/wp-json\/wp\/v2\/comments?post=7012"}],"version-history":[{"count":0,"href":"https:\/\/www.crea-mt.org.br\/portal\/wp-json\/wp\/v2\/posts\/7012\/revisions"}],"wp:attachment":[{"href":"https:\/\/www.crea-mt.org.br\/portal\/wp-json\/wp\/v2\/media?parent=7012"}],"wp:term":[{"taxonomy":"category","embeddable":true,"href":"https:\/\/www.crea-mt.org.br\/portal\/wp-json\/wp\/v2\/categories?post=7012"},{"taxonomy":"post_tag","embeddable":true,"href":"https:\/\/www.crea-mt.org.br\/portal\/wp-json\/wp\/v2\/tags?post=7012"}],"curies":[{"name":"wp","href":"https:\/\/api.w.org\/{rel}","templated":true}]}}