{"id":7011,"date":"2007-03-16T00:00:00","date_gmt":"2007-03-16T03:00:00","guid":{"rendered":"https:\/\/crea-mt.org.br\/portal\/ceep-define-trabalhos-para-2007\/"},"modified":"2007-03-16T00:00:00","modified_gmt":"2007-03-16T03:00:00","slug":"ceep-define-trabalhos-para-2007","status":"publish","type":"post","link":"https:\/\/www.crea-mt.org.br\/portal\/ceep-define-trabalhos-para-2007\/","title":{"rendered":"CEEP define trabalhos para 2007"},"content":{"rendered":"<p>Fonte:Confea<\/p>\n<p>\u00c0s 8h15 desta sexta-feira, 16 de mar\u00e7o, os coordenadores nacionais e adjuntos das C\u00e2maras Especializadas j\u00e1 estavam reunidos com a Comiss\u00e3o de \u00c9tica e Exerc\u00edcio Profissional (CEEP). O motivo da concilia\u00e7\u00e3o foi o II Encontro de Lideran\u00e7as do sistema, que se encerra \u00e0s 12h de hoje. Um dos destaques do encontro foi a defini\u00e7\u00e3o do representante das coordenadorias nacionais na Comiss\u00e3o Organizadora da 64\u00aa Semana Oficial da Engenharia, da Arquitetura e da Agronomia (Soeaa). O indicado foi William Alves Barbosa, coordenador nacional de Engenharia Industrial (CCEEI).<\/p>\n<p>Outro ponto importante foi a prescri\u00e7\u00e3o de processos. O coordenador da CEEP, conselheiro federal Fernando Beckman, fez apelo no sentido de que muitos processos pertinentes s\u00e3o arquivados por causa da lei da prescri\u00e7\u00e3o. Por isso, ele pediu mais agilidade, principalmente nos processos relacionados \u00e0 \u00e9tica profissional. &#8220;Precisamos dar uma resposta \u00e0 sociedade&#8221;, concluiu.<\/p>\n<p>Ele ressaltou, ainda, as Delibera\u00e7\u00f5es n\u00ba 004\/2006 e n\u00ba 008\/2006. A primeira defende que deve haver um membro da CEEP em cada Coordenadoria de C\u00e2maras Especializadas para acompanhar os trabalhos em andamento. A segunda, trata do convite de um representante de cada coordenadoria para participar das Sess\u00f5es Plen\u00e1rias Ordin\u00e1rias de 2007. &#8220;H\u00e1 uma demanda do presidente Marcos T\u00falio para que as C\u00e2maras participem de sess\u00f5es plen\u00e1rias, para gerar integra\u00e7\u00e3o no Sistema&#8221;, pontuou.<\/p>\n<p>Outras Comiss\u00f5es<br \/>\nO coordenador da Comiss\u00e3o de Educa\u00e7\u00e3o e Atribui\u00e7\u00e3o Profissional (CEAP), t\u00e9c. edif. Lino Gilberto da Silva, apresentou propostas e explicou as novas atribui\u00e7\u00f5es da comiss\u00e3o, assim como fez Beckman em rela\u00e7\u00e3o \u00e0 CEEP. Lino lembrou que a troca de coordenadores nacionais e diretores de Creas \u00e9 uma proposta de Marcos T\u00falio para que aconte\u00e7a uma maior integra\u00e7\u00e3o dentro do Sistema.<\/p>\n<p>Outra comiss\u00e3o presente no encontro foi a de Integra\u00e7\u00e3o de Agrimensura, Agronomia, Arquitetura, e Engenharia para o Mercosul (CIAM), representada pelo gerente de rela\u00e7\u00f5es institucionais do Confea (GRI), Ren\u00e8 Bayma. Conforme ele, o objetivo da comiss\u00e3o \u00e9 regular o interc\u00e2mbio comercial entre os quatro pa\u00edses integrantes (Brasil, Argentina, Uruguai e Paraguai). Bayma informou que est\u00e1 em desenvolvimento um portal da comiss\u00e3o na Internet. O gerente explicou que, para ser representante das coordenadorias na CIAM, o indicado deve ter conhecimento da legisla\u00e7\u00e3o do Mercosul e ter participado de cursos e eventos relacionados ao tema, al\u00e9m de ser profissional registrado no Sistema. Este ano, a reuni\u00e3o internacional acontecer\u00e1 na Cidade do Leste, no Paraguai.<\/p>\n<p>Manual de Fiscaliza\u00e7\u00e3o<br \/>\nSobre o Manual de Fiscaliza\u00e7\u00e3o, Beckman ressaltou que o objetivo, este ano, \u00e9 dar foco nos servi\u00e7os aplicados durante um empreendimento. &#8220;O importante \u00e9 trabalhar no documento para que fique fact\u00edvel&#8221;, disse. J\u00e1 a coordenadora adjunta da Engenharia Qu\u00edmica, Carmem L\u00facia N\u00edquel, \u00e9 da opini\u00e3o de que a fiscaliza\u00e7\u00e3o tamb\u00e9m seja feita no momento do licenciamento e da elabora\u00e7\u00e3o de projetos.<\/p>\n","protected":false},"excerpt":{"rendered":"<p>Fonte:Confea \u00c0s 8h15 desta sexta-feira, 16 de mar\u00e7o, os coordenadores nacionais e adjuntos das C\u00e2maras Especializadas j\u00e1 estavam reunidos com a Comiss\u00e3o de \u00c9tica e Exerc\u00edcio Profissional (CEEP). O motivo da concilia\u00e7\u00e3o foi o II Encontro de Lideran\u00e7as do sistema, que se encerra \u00e0s 12h de hoje. Um dos destaques do encontro foi a defini\u00e7\u00e3o [&hellip;]<\/p>\n","protected":false},"author":1,"featured_media":0,"comment_status":"open","ping_status":"open","sticky":false,"template":"","format":"standard","meta":{"footnotes":""},"categories":[1],"tags":[],"class_list":["post-7011","post","type-post","status-publish","format-standard","hentry","category-noticias"],"acf":[],"_links":{"self":[{"href":"https:\/\/www.crea-mt.org.br\/portal\/wp-json\/wp\/v2\/posts\/7011","targetHints":{"allow":["GET"]}}],"collection":[{"href":"https:\/\/www.crea-mt.org.br\/portal\/wp-json\/wp\/v2\/posts"}],"about":[{"href":"https:\/\/www.crea-mt.org.br\/portal\/wp-json\/wp\/v2\/types\/post"}],"author":[{"embeddable":true,"href":"https:\/\/www.crea-mt.org.br\/portal\/wp-json\/wp\/v2\/users\/1"}],"replies":[{"embeddable":true,"href":"https:\/\/www.crea-mt.org.br\/portal\/wp-json\/wp\/v2\/comments?post=7011"}],"version-history":[{"count":0,"href":"https:\/\/www.crea-mt.org.br\/portal\/wp-json\/wp\/v2\/posts\/7011\/revisions"}],"wp:attachment":[{"href":"https:\/\/www.crea-mt.org.br\/portal\/wp-json\/wp\/v2\/media?parent=7011"}],"wp:term":[{"taxonomy":"category","embeddable":true,"href":"https:\/\/www.crea-mt.org.br\/portal\/wp-json\/wp\/v2\/categories?post=7011"},{"taxonomy":"post_tag","embeddable":true,"href":"https:\/\/www.crea-mt.org.br\/portal\/wp-json\/wp\/v2\/tags?post=7011"}],"curies":[{"name":"wp","href":"https:\/\/api.w.org\/{rel}","templated":true}]}}