{"id":7010,"date":"2007-03-16T00:00:00","date_gmt":"2007-03-16T03:00:00","guid":{"rendered":"https:\/\/crea-mt.org.br\/portal\/emprego-na-industria-sobe-03-em-janeiro\/"},"modified":"2007-03-16T00:00:00","modified_gmt":"2007-03-16T03:00:00","slug":"emprego-na-industria-sobe-03-em-janeiro","status":"publish","type":"post","link":"https:\/\/www.crea-mt.org.br\/portal\/emprego-na-industria-sobe-03-em-janeiro\/","title":{"rendered":"Emprego na ind\u00fastria sobe 0,3% em janeiro"},"content":{"rendered":"<p>Fonte: FolhaNews<\/p>\n<p>Ap\u00f3s tr\u00eas quedas consecutivas, o n\u00edvel de emprego na ind\u00fastria subiu 0,3% em janeiro na compara\u00e7\u00e3o com dezembro (s\u00e9rie com ajuste sazonal), segundo pesquisa realizada pelo IBGE. <\/p>\n<p>No confronto com janeiro de 2006, o emprego manteve a s\u00e9tima taxa positiva e avan\u00e7ou 0,9%. Nos \u00faltimos 12 meses, a taxa ficou est\u00e1vel em 0,1%. No \u00edndice de m\u00e9dia m\u00f3vel trimestral, indicador de tend\u00eancia, o emprego variou -0,1% entre os trimestres encerrados em dezembro e janeiro. <\/p>\n<p>O crescimento de 0,9% no contingente de trabalhadores \u00e9 explicado, segundo o IBGE, pelos resultados positivos em nove dos 14 locais e dez dos 18 segmentos. S\u00e3o Paulo (1,7%), regi\u00e3o Norte e Centro-Oeste (4,3%) e Nordeste (2,6%) exerceram os principais impactos positivos. <\/p>\n<p>Os setores que mais empregaram foram: alimentos e bebidas (8,4%) e m\u00e1quinas e equipamentos (4,2%) na ind\u00fastria paulista; alimentos e bebidas (11,2%) na regi\u00e3o Norte e Centro-Oeste; e alimentos e bebidas (9,4%) e refino de petr\u00f3leo e produ\u00e7\u00e3o de \u00e1lcool (18,0%) na regi\u00e3o Nordeste. <\/p>\n<p>Em sentido contr\u00e1rio, as principais contribui\u00e7\u00f5es negativas vieram do Rio Grande do Sul (-5,0%), Minas Gerais (-0,5%) e Paran\u00e1 (-0,4%). <\/p>\n<p>O n\u00famero de horas pagas aos trabalhadores da ind\u00fastria &#8211; indicador antecedente de contrata\u00e7\u00f5es -, caiu 0,3% em janeiro em rela\u00e7\u00e3o a dezembro, na s\u00e9rie livre dos efeitos sazonais. Trata-se da segunda taxa negativa consecutiva, acumulando queda de 1,3% entre novembro e janeiro. Na compara\u00e7\u00e3o janeiro de 2006, o n\u00famero de horas pagas subiu 0,4%. <\/p>\n<p>Entre dezembro e janeiro, o indicador da folha de pagamento real do pessoal ocupado na ind\u00fastria mostrou crescimento de 9,0%, j\u00e1 descontadas as influ\u00eancias sazonais. Em rela\u00e7\u00e3o a janeiro de 2006 o setor industrial ampliou em 3,9% o valor real da folha de pagamento. <\/p>\n","protected":false},"excerpt":{"rendered":"<p>Fonte: FolhaNews Ap\u00f3s tr\u00eas quedas consecutivas, o n\u00edvel de emprego na ind\u00fastria subiu 0,3% em janeiro na compara\u00e7\u00e3o com dezembro (s\u00e9rie com ajuste sazonal), segundo pesquisa realizada pelo IBGE. No confronto com janeiro de 2006, o emprego manteve a s\u00e9tima taxa positiva e avan\u00e7ou 0,9%. Nos \u00faltimos 12 meses, a taxa ficou est\u00e1vel em 0,1%. [&hellip;]<\/p>\n","protected":false},"author":1,"featured_media":0,"comment_status":"open","ping_status":"open","sticky":false,"template":"","format":"standard","meta":{"footnotes":""},"categories":[1],"tags":[],"class_list":["post-7010","post","type-post","status-publish","format-standard","hentry","category-noticias"],"acf":[],"_links":{"self":[{"href":"https:\/\/www.crea-mt.org.br\/portal\/wp-json\/wp\/v2\/posts\/7010","targetHints":{"allow":["GET"]}}],"collection":[{"href":"https:\/\/www.crea-mt.org.br\/portal\/wp-json\/wp\/v2\/posts"}],"about":[{"href":"https:\/\/www.crea-mt.org.br\/portal\/wp-json\/wp\/v2\/types\/post"}],"author":[{"embeddable":true,"href":"https:\/\/www.crea-mt.org.br\/portal\/wp-json\/wp\/v2\/users\/1"}],"replies":[{"embeddable":true,"href":"https:\/\/www.crea-mt.org.br\/portal\/wp-json\/wp\/v2\/comments?post=7010"}],"version-history":[{"count":0,"href":"https:\/\/www.crea-mt.org.br\/portal\/wp-json\/wp\/v2\/posts\/7010\/revisions"}],"wp:attachment":[{"href":"https:\/\/www.crea-mt.org.br\/portal\/wp-json\/wp\/v2\/media?parent=7010"}],"wp:term":[{"taxonomy":"category","embeddable":true,"href":"https:\/\/www.crea-mt.org.br\/portal\/wp-json\/wp\/v2\/categories?post=7010"},{"taxonomy":"post_tag","embeddable":true,"href":"https:\/\/www.crea-mt.org.br\/portal\/wp-json\/wp\/v2\/tags?post=7010"}],"curies":[{"name":"wp","href":"https:\/\/api.w.org\/{rel}","templated":true}]}}