{"id":7009,"date":"2007-03-16T00:00:00","date_gmt":"2007-03-16T03:00:00","guid":{"rendered":"https:\/\/crea-mt.org.br\/portal\/encontro-de-liderancas-tem-saldo-positivo\/"},"modified":"2007-03-16T00:00:00","modified_gmt":"2007-03-16T03:00:00","slug":"encontro-de-liderancas-tem-saldo-positivo","status":"publish","type":"post","link":"https:\/\/www.crea-mt.org.br\/portal\/encontro-de-liderancas-tem-saldo-positivo\/","title":{"rendered":"Encontro de Lideran\u00e7as tem saldo positivo"},"content":{"rendered":"<p>Mobiliza\u00e7\u00e3o e integra\u00e7\u00e3o foram duas das palavras mais usadas pelo presidente do Confea, eng. civil Marcos T\u00falio de Melo, durante esta semana em que o Sistema Confea\/Crea reuniu em Bras\u00edlia cerca de 400 de suas principais lideran\u00e7as.<\/p>\n<p>Nesta sexta-feira, dia 16, \u00faltimo dia do encontro nacional das Coordenadorias de C\u00e2maras Especializadas e das reuni\u00f5es dos col\u00e9gios de Presidentes e de Entidades Nacionais, T\u00falio de Melo esteve em cada f\u00f3rum constatando o saldo positivo da semana e estimulando a implementa\u00e7\u00e3o de uma Agenda Parlamentar nos Estados. O objetivo \u00e9 incrementar a\u00e7\u00f5es no Congresso Nacional, na defesa de projetos de interesse da \u00e1rea tecnol\u00f3gica.<\/p>\n<p>&#8220;Vamos potencializar a presen\u00e7a do Sistema Confea\/Crea junto ao Poder Legislativo estadual e isso nos dar\u00e1 maior visibilidade e mais facilidades no tr\u00e2mite de projetos&#8221;, disse Marcos T\u00falio.<br \/>\nEle afirmou tamb\u00e9m que, se o planejamento estrat\u00e9gico orienta o comportamento e as a\u00e7\u00f5es da institui\u00e7\u00e3o, &#8220;falta ainda planejar a execu\u00e7\u00e3o de boa parte das a\u00e7\u00f5es. Elas trar\u00e3o resultados positivos, com reflexos na montagem do pacto profissional e social que buscamos&#8221;.<\/p>\n<p>A\u00e7\u00f5es para 2007<br \/>\nA exemplo do ano passado, quando foram definidas e alcan\u00e7adas as metas de concretiza\u00e7\u00e3o do Manual de Fiscaliza\u00e7\u00e3o e discuss\u00e3o em torno dos anexos da Resolu\u00e7\u00e3o 1010, T\u00falio de Melo pediu a cada C\u00e2mara Especializada que defina a\u00e7\u00f5es de interesse nacional para 2007 .<\/p>\n<p>Ele tamb\u00e9m ressaltou a import\u00e2ncia do 6\u00ba CNP (Congresso Nacional dos Profissionais) e pediu que as coordenadorias mobilizem as categorias e modalidades profissionais para participar dos congressos estaduais, na elabora\u00e7\u00e3o de uma pauta significativa a ser discutida em agosto, no Rio de Janeiro, onde o encontro nacional ser\u00e1 realizado de 12 a 18 de agosto.<\/p>\n<p>Fonte: Confea<\/p>\n","protected":false},"excerpt":{"rendered":"<p>Mobiliza\u00e7\u00e3o e integra\u00e7\u00e3o foram duas das palavras mais usadas pelo presidente do Confea, eng. civil Marcos T\u00falio de Melo, durante esta semana em que o Sistema Confea\/Crea reuniu em Bras\u00edlia cerca de 400 de suas principais lideran\u00e7as. Nesta sexta-feira, dia 16, \u00faltimo dia do encontro nacional das Coordenadorias de C\u00e2maras Especializadas e das reuni\u00f5es dos [&hellip;]<\/p>\n","protected":false},"author":1,"featured_media":0,"comment_status":"open","ping_status":"open","sticky":false,"template":"","format":"standard","meta":{"footnotes":""},"categories":[1],"tags":[],"class_list":["post-7009","post","type-post","status-publish","format-standard","hentry","category-noticias"],"acf":[],"_links":{"self":[{"href":"https:\/\/www.crea-mt.org.br\/portal\/wp-json\/wp\/v2\/posts\/7009","targetHints":{"allow":["GET"]}}],"collection":[{"href":"https:\/\/www.crea-mt.org.br\/portal\/wp-json\/wp\/v2\/posts"}],"about":[{"href":"https:\/\/www.crea-mt.org.br\/portal\/wp-json\/wp\/v2\/types\/post"}],"author":[{"embeddable":true,"href":"https:\/\/www.crea-mt.org.br\/portal\/wp-json\/wp\/v2\/users\/1"}],"replies":[{"embeddable":true,"href":"https:\/\/www.crea-mt.org.br\/portal\/wp-json\/wp\/v2\/comments?post=7009"}],"version-history":[{"count":0,"href":"https:\/\/www.crea-mt.org.br\/portal\/wp-json\/wp\/v2\/posts\/7009\/revisions"}],"wp:attachment":[{"href":"https:\/\/www.crea-mt.org.br\/portal\/wp-json\/wp\/v2\/media?parent=7009"}],"wp:term":[{"taxonomy":"category","embeddable":true,"href":"https:\/\/www.crea-mt.org.br\/portal\/wp-json\/wp\/v2\/categories?post=7009"},{"taxonomy":"post_tag","embeddable":true,"href":"https:\/\/www.crea-mt.org.br\/portal\/wp-json\/wp\/v2\/tags?post=7009"}],"curies":[{"name":"wp","href":"https:\/\/api.w.org\/{rel}","templated":true}]}}