{"id":7008,"date":"2007-03-16T00:00:00","date_gmt":"2007-03-16T03:00:00","guid":{"rendered":"https:\/\/crea-mt.org.br\/portal\/pacto-profissional-e-social-e-pauta-da-civil\/"},"modified":"2007-03-16T00:00:00","modified_gmt":"2007-03-16T03:00:00","slug":"pacto-profissional-e-social-e-pauta-da-civil","status":"publish","type":"post","link":"https:\/\/www.crea-mt.org.br\/portal\/pacto-profissional-e-social-e-pauta-da-civil\/","title":{"rendered":"Pacto Profissional e Social \u00e9 pauta da Civil"},"content":{"rendered":"<p>O assessor da presid\u00eancia do Confea Argemiro Ant\u00f4nio Fontes Mendon\u00e7a foi convidado para esclarecer, na Coordenadoria de C\u00e2maras Especializadas de Engenharia Civil, os pontos em debate no Pacto Profissional e Social. &#8220;Tudo o que diz respeito \u00e0 organiza\u00e7\u00e3o do Sistema Confea\/Creas est\u00e1 em no processo de reflex\u00e3o e reorganiza\u00e7\u00e3o das profiss\u00f5es de Engenharia, Agronomia e Arquitetura&#8221;, afirmou ele.<\/p>\n<p>O coordenador da C\u00e2mara, eng. Francisco Ladaga, que busca imprimir um ritmo mais din\u00e2mico ao processo, considerou essencial que esse esclarecimento fosse feito para que os grupos de trabalho, aprovados pelo Plen\u00e1rio pudessem ter clareza quanto a normas a serem cumpridas.<\/p>\n<p>Num r\u00e1pido trabalho de observa\u00e7\u00e3o de quanto o mundo do trabalho mudou desde a Resolu\u00e7\u00e3o do Confea quanto a normatiza\u00e7\u00e3o das profiss\u00f5es, Argemiro informou que dados do MEC indicam que em 1900 havia sete profiss\u00f5es da Engenharia. Hoje s\u00e3o 1.575. }<\/p>\n<p>Essa diversidade de modalidades gera milhares de conflitos, mesmo entre categorias que integram o Sistema Confea\/Creas e espera-se, segundo Argemiro, que todos sejam fortalecidos ap\u00f3s essa reformula\u00e7\u00e3o.Grupos de Trabalho A C\u00e2mara Especializada de Engenharia Civil optou por seguir a mesma sistem\u00e1tica adotada pela coordena\u00e7\u00e3o anterior e criou oito grupos de trabalho, com coordenador respons\u00e1vel para organizar as informa\u00e7oes.<\/p>\n<p>Para acelerar a troca de informa\u00e7\u00f5es ser\u00e1 criado um grupo de trabalho virtural. Esses profissionais v\u00e3o debater Pacto Social; Pensar o Brasil; Verifica\u00e7\u00e3o e Fiscaliza\u00e7\u00e3o do Exerc\u00edcio Profissional e Atividade Profissional; Manuten\u00e7\u00e3o Predial; Acessibilidade e Padroniza\u00e7\u00e3o de Normas e Atos dos Creas. Nas pr\u00f3ximas reuni\u00f5es marcadas para junho &#8211; dias 4,5 e 6 em Salvador e 30, 31 de outubro e 1\u00ba de novembro em Macap\u00e1 (AP) os coordenadores dever\u00e3o apresentar suas propostas.<br \/>\nFonte:Confea<\/p>\n","protected":false},"excerpt":{"rendered":"<p>O assessor da presid\u00eancia do Confea Argemiro Ant\u00f4nio Fontes Mendon\u00e7a foi convidado para esclarecer, na Coordenadoria de C\u00e2maras Especializadas de Engenharia Civil, os pontos em debate no Pacto Profissional e Social. &#8220;Tudo o que diz respeito \u00e0 organiza\u00e7\u00e3o do Sistema Confea\/Creas est\u00e1 em no processo de reflex\u00e3o e reorganiza\u00e7\u00e3o das profiss\u00f5es de Engenharia, Agronomia e [&hellip;]<\/p>\n","protected":false},"author":1,"featured_media":0,"comment_status":"open","ping_status":"open","sticky":false,"template":"","format":"standard","meta":{"footnotes":""},"categories":[1],"tags":[],"class_list":["post-7008","post","type-post","status-publish","format-standard","hentry","category-noticias"],"acf":[],"_links":{"self":[{"href":"https:\/\/www.crea-mt.org.br\/portal\/wp-json\/wp\/v2\/posts\/7008","targetHints":{"allow":["GET"]}}],"collection":[{"href":"https:\/\/www.crea-mt.org.br\/portal\/wp-json\/wp\/v2\/posts"}],"about":[{"href":"https:\/\/www.crea-mt.org.br\/portal\/wp-json\/wp\/v2\/types\/post"}],"author":[{"embeddable":true,"href":"https:\/\/www.crea-mt.org.br\/portal\/wp-json\/wp\/v2\/users\/1"}],"replies":[{"embeddable":true,"href":"https:\/\/www.crea-mt.org.br\/portal\/wp-json\/wp\/v2\/comments?post=7008"}],"version-history":[{"count":0,"href":"https:\/\/www.crea-mt.org.br\/portal\/wp-json\/wp\/v2\/posts\/7008\/revisions"}],"wp:attachment":[{"href":"https:\/\/www.crea-mt.org.br\/portal\/wp-json\/wp\/v2\/media?parent=7008"}],"wp:term":[{"taxonomy":"category","embeddable":true,"href":"https:\/\/www.crea-mt.org.br\/portal\/wp-json\/wp\/v2\/categories?post=7008"},{"taxonomy":"post_tag","embeddable":true,"href":"https:\/\/www.crea-mt.org.br\/portal\/wp-json\/wp\/v2\/tags?post=7008"}],"curies":[{"name":"wp","href":"https:\/\/api.w.org\/{rel}","templated":true}]}}