{"id":7007,"date":"2007-03-16T00:00:00","date_gmt":"2007-03-16T03:00:00","guid":{"rendered":"https:\/\/crea-mt.org.br\/portal\/camara-de-eletrica-se-divide-em-grupos-de-trabalho\/"},"modified":"2007-03-16T00:00:00","modified_gmt":"2007-03-16T03:00:00","slug":"camara-de-eletrica-se-divide-em-grupos-de-trabalho","status":"publish","type":"post","link":"https:\/\/www.crea-mt.org.br\/portal\/camara-de-eletrica-se-divide-em-grupos-de-trabalho\/","title":{"rendered":"C\u00e2mara de El\u00e9trica se divide em grupos de trabalho"},"content":{"rendered":"<p>A C\u00e2mara Especializada de Engenharia El\u00e9trica definiu grandes temas para debater esse ano &#8211; aprimoramento do Manual de Fiscaliza\u00e7\u00e3o; Implanta\u00e7\u00e3o da TV Digital; Educa\u00e7\u00e3o \u00e0 dist\u00e2ncia e ART M\u00faltipla. &#8220;S\u00e3o temas que nos interessam e precisamos dar respostas para a sociedade&#8221;, disse o coordenador nacional Paulo S\u00e9rgio Walena.<\/p>\n<p>A Comiss\u00e3o tamb\u00e9m definiu que nas pr\u00f3ximas reuni\u00f5es &#8211; 27 a 29 de junho, em Rio Branco (AC) e 7 a 9 de outubro em Recife (PE) as informa\u00e7\u00f5es ser\u00e3o conclu\u00eddas e sistematizadas.<\/p>\n<p>O desafio, segundo Walena, \u00e9 oferecer respostas a tantas demandas criadas dentro desse processo e paralelamente buscar mobilizar a comunidade de engenheiros eletricistas para que discutam e participem dos processos de mudan\u00e7a que est\u00e3o em curso no Sistema <\/p>\n<p>Fonte:Confea\/Creas.<\/p>\n","protected":false},"excerpt":{"rendered":"<p>A C\u00e2mara Especializada de Engenharia El\u00e9trica definiu grandes temas para debater esse ano &#8211; aprimoramento do Manual de Fiscaliza\u00e7\u00e3o; Implanta\u00e7\u00e3o da TV Digital; Educa\u00e7\u00e3o \u00e0 dist\u00e2ncia e ART M\u00faltipla. &#8220;S\u00e3o temas que nos interessam e precisamos dar respostas para a sociedade&#8221;, disse o coordenador nacional Paulo S\u00e9rgio Walena. A Comiss\u00e3o tamb\u00e9m definiu que nas pr\u00f3ximas [&hellip;]<\/p>\n","protected":false},"author":1,"featured_media":0,"comment_status":"open","ping_status":"open","sticky":false,"template":"","format":"standard","meta":{"footnotes":""},"categories":[1],"tags":[],"class_list":["post-7007","post","type-post","status-publish","format-standard","hentry","category-noticias"],"acf":[],"_links":{"self":[{"href":"https:\/\/www.crea-mt.org.br\/portal\/wp-json\/wp\/v2\/posts\/7007","targetHints":{"allow":["GET"]}}],"collection":[{"href":"https:\/\/www.crea-mt.org.br\/portal\/wp-json\/wp\/v2\/posts"}],"about":[{"href":"https:\/\/www.crea-mt.org.br\/portal\/wp-json\/wp\/v2\/types\/post"}],"author":[{"embeddable":true,"href":"https:\/\/www.crea-mt.org.br\/portal\/wp-json\/wp\/v2\/users\/1"}],"replies":[{"embeddable":true,"href":"https:\/\/www.crea-mt.org.br\/portal\/wp-json\/wp\/v2\/comments?post=7007"}],"version-history":[{"count":0,"href":"https:\/\/www.crea-mt.org.br\/portal\/wp-json\/wp\/v2\/posts\/7007\/revisions"}],"wp:attachment":[{"href":"https:\/\/www.crea-mt.org.br\/portal\/wp-json\/wp\/v2\/media?parent=7007"}],"wp:term":[{"taxonomy":"category","embeddable":true,"href":"https:\/\/www.crea-mt.org.br\/portal\/wp-json\/wp\/v2\/categories?post=7007"},{"taxonomy":"post_tag","embeddable":true,"href":"https:\/\/www.crea-mt.org.br\/portal\/wp-json\/wp\/v2\/tags?post=7007"}],"curies":[{"name":"wp","href":"https:\/\/api.w.org\/{rel}","templated":true}]}}