{"id":7005,"date":"2007-03-16T00:00:00","date_gmt":"2007-03-16T03:00:00","guid":{"rendered":"https:\/\/crea-mt.org.br\/portal\/chuva-nao-deve-dar-tregua-neste-fim-de-semana\/"},"modified":"2007-03-16T00:00:00","modified_gmt":"2007-03-16T03:00:00","slug":"chuva-nao-deve-dar-tregua-neste-fim-de-semana","status":"publish","type":"post","link":"https:\/\/www.crea-mt.org.br\/portal\/chuva-nao-deve-dar-tregua-neste-fim-de-semana\/","title":{"rendered":"Chuva n\u00e3o deve dar tr\u00e9gua neste fim de semana"},"content":{"rendered":"<p> Fonte:CorreioWeb<\/p>\n<p>14h04-A forte chuva que deixou a Asa Norte em situa\u00e7\u00e3o ca\u00f3tica deve permanecer durante todo o final de semana. Para a tarde desta sexta-feira, a previs\u00e3o \u00e9 de tempo fechado e coberto de pancadas de chuvas em todo o Distrito Federal. Segundo o Instituto Nacional de Meteorologia (Inmet), neste fim de semana, os temporais e trovoadas em pontos isolados prometem se repetir. <\/p>\n<p>A meteorologista Priscila Monteiro explica que as pancadas da chuva \u00e9 resultado da combina\u00e7\u00e3o de dias quentes e secos, al\u00e9m da aproxima\u00e7\u00e3o de uma frente fria que chegou no DF. &#8220;Nesta \u00e9poca do ano, n\u00e3o costuma chover tanto. Os meses chuvosos s\u00e3o janeiro e fevereiro. Em mar\u00e7o, a previs\u00e3o \u00e9 de pouca chuva. Por\u00e9m a combina\u00e7\u00e3o destes dois fatores trouxe muita instabilidade para a regi\u00e3o&#8221;, afirma. <\/p>\n<p>A temperatura m\u00e1xima prevista para esta sexta-fera \u00e9 de 26\u00ba C e a m\u00ednima de 17,2\u00ba C. Para o final de semana, a m\u00e1xima ficar\u00e1 em torno de 27\u00ba e a m\u00ednima, 18\u00ba. <\/p>\n<p>Na noite desta quinta-feira, choveu 66mm durante uma hora no Recanto das Emas. Priscila explica que densidade \u00e9 considerada muito forte para um curto per\u00edodo de tempo<\/p>\n","protected":false},"excerpt":{"rendered":"<p>Fonte:CorreioWeb 14h04-A forte chuva que deixou a Asa Norte em situa\u00e7\u00e3o ca\u00f3tica deve permanecer durante todo o final de semana. Para a tarde desta sexta-feira, a previs\u00e3o \u00e9 de tempo fechado e coberto de pancadas de chuvas em todo o Distrito Federal. Segundo o Instituto Nacional de Meteorologia (Inmet), neste fim de semana, os temporais [&hellip;]<\/p>\n","protected":false},"author":1,"featured_media":0,"comment_status":"open","ping_status":"open","sticky":false,"template":"","format":"standard","meta":{"footnotes":""},"categories":[1],"tags":[],"class_list":["post-7005","post","type-post","status-publish","format-standard","hentry","category-noticias"],"acf":[],"_links":{"self":[{"href":"https:\/\/www.crea-mt.org.br\/portal\/wp-json\/wp\/v2\/posts\/7005","targetHints":{"allow":["GET"]}}],"collection":[{"href":"https:\/\/www.crea-mt.org.br\/portal\/wp-json\/wp\/v2\/posts"}],"about":[{"href":"https:\/\/www.crea-mt.org.br\/portal\/wp-json\/wp\/v2\/types\/post"}],"author":[{"embeddable":true,"href":"https:\/\/www.crea-mt.org.br\/portal\/wp-json\/wp\/v2\/users\/1"}],"replies":[{"embeddable":true,"href":"https:\/\/www.crea-mt.org.br\/portal\/wp-json\/wp\/v2\/comments?post=7005"}],"version-history":[{"count":0,"href":"https:\/\/www.crea-mt.org.br\/portal\/wp-json\/wp\/v2\/posts\/7005\/revisions"}],"wp:attachment":[{"href":"https:\/\/www.crea-mt.org.br\/portal\/wp-json\/wp\/v2\/media?parent=7005"}],"wp:term":[{"taxonomy":"category","embeddable":true,"href":"https:\/\/www.crea-mt.org.br\/portal\/wp-json\/wp\/v2\/categories?post=7005"},{"taxonomy":"post_tag","embeddable":true,"href":"https:\/\/www.crea-mt.org.br\/portal\/wp-json\/wp\/v2\/tags?post=7005"}],"curies":[{"name":"wp","href":"https:\/\/api.w.org\/{rel}","templated":true}]}}