{"id":7004,"date":"2007-03-19T00:00:00","date_gmt":"2007-03-19T03:00:00","guid":{"rendered":"https:\/\/crea-mt.org.br\/portal\/roseane-sarney-conhece-agenda-prioritaria-do-confea\/"},"modified":"2007-03-19T00:00:00","modified_gmt":"2007-03-19T03:00:00","slug":"roseane-sarney-conhece-agenda-prioritaria-do-confea","status":"publish","type":"post","link":"https:\/\/www.crea-mt.org.br\/portal\/roseane-sarney-conhece-agenda-prioritaria-do-confea\/","title":{"rendered":"Roseane Sarney conhece agenda priorit\u00e1ria do Confea"},"content":{"rendered":"<p>Fonte:Confea<\/p>\n<p>A senadora Roseane Sarney (PMDB-MA) recebeu o persidente do Conefa, eng. civil Marcos T\u00falio de Melo no dia 15 de mar\u00e7o. Ele pediu apoio para garantir agilidade na tramita\u00e7\u00e3o de projetos de interesse do Sistema Confea\/Crea. Cinco projetos de lei comp\u00f5em a chamada agenda priorit\u00e1ria do Confea. Entre eles, o que normatiza a representa\u00e7\u00e3o federativa do Conselho; o que tipifica como crime do exerc\u00edcio ilegal da Engenharia, Arquitetura e Agronomia e o que regulamenta a assist\u00eancia t\u00e9cnica gratuita a pessoas de baixa renda, que ficou conhecido como engenharia p\u00fablica. Tamb\u00e9m incluem-se na pauta Medidas Provis\u00f3rias para o Programa de Acelera\u00e7\u00e3o do Crescimento (PAC) e altera\u00e7\u00f5es na Lei de Licita\u00e7\u00f5es. <\/p>\n","protected":false},"excerpt":{"rendered":"<p>Fonte:Confea A senadora Roseane Sarney (PMDB-MA) recebeu o persidente do Conefa, eng. civil Marcos T\u00falio de Melo no dia 15 de mar\u00e7o. Ele pediu apoio para garantir agilidade na tramita\u00e7\u00e3o de projetos de interesse do Sistema Confea\/Crea. Cinco projetos de lei comp\u00f5em a chamada agenda priorit\u00e1ria do Confea. Entre eles, o que normatiza a representa\u00e7\u00e3o [&hellip;]<\/p>\n","protected":false},"author":1,"featured_media":0,"comment_status":"open","ping_status":"open","sticky":false,"template":"","format":"standard","meta":{"footnotes":""},"categories":[1],"tags":[],"class_list":["post-7004","post","type-post","status-publish","format-standard","hentry","category-noticias"],"acf":[],"_links":{"self":[{"href":"https:\/\/www.crea-mt.org.br\/portal\/wp-json\/wp\/v2\/posts\/7004","targetHints":{"allow":["GET"]}}],"collection":[{"href":"https:\/\/www.crea-mt.org.br\/portal\/wp-json\/wp\/v2\/posts"}],"about":[{"href":"https:\/\/www.crea-mt.org.br\/portal\/wp-json\/wp\/v2\/types\/post"}],"author":[{"embeddable":true,"href":"https:\/\/www.crea-mt.org.br\/portal\/wp-json\/wp\/v2\/users\/1"}],"replies":[{"embeddable":true,"href":"https:\/\/www.crea-mt.org.br\/portal\/wp-json\/wp\/v2\/comments?post=7004"}],"version-history":[{"count":0,"href":"https:\/\/www.crea-mt.org.br\/portal\/wp-json\/wp\/v2\/posts\/7004\/revisions"}],"wp:attachment":[{"href":"https:\/\/www.crea-mt.org.br\/portal\/wp-json\/wp\/v2\/media?parent=7004"}],"wp:term":[{"taxonomy":"category","embeddable":true,"href":"https:\/\/www.crea-mt.org.br\/portal\/wp-json\/wp\/v2\/categories?post=7004"},{"taxonomy":"post_tag","embeddable":true,"href":"https:\/\/www.crea-mt.org.br\/portal\/wp-json\/wp\/v2\/tags?post=7004"}],"curies":[{"name":"wp","href":"https:\/\/api.w.org\/{rel}","templated":true}]}}