{"id":7002,"date":"2007-03-19T00:00:00","date_gmt":"2007-03-19T03:00:00","guid":{"rendered":"https:\/\/crea-mt.org.br\/portal\/crea-sc-realiza-seminario-de-implantacao-do-planejamento-estrategico\/"},"modified":"2007-03-19T00:00:00","modified_gmt":"2007-03-19T03:00:00","slug":"crea-sc-realiza-seminario-de-implantacao-do-planejamento-estrategico","status":"publish","type":"post","link":"https:\/\/www.crea-mt.org.br\/portal\/crea-sc-realiza-seminario-de-implantacao-do-planejamento-estrategico\/","title":{"rendered":"Crea-SC realiza Semin\u00e1rio de implanta\u00e7\u00e3o do Planejamento Estrat\u00e9gico"},"content":{"rendered":"<p>O Crea-SC realizou o terceiro Semin\u00e1rio sobre objetivos, metodologia e calend\u00e1rio de implanta\u00e7\u00e3o do Planejamento Estrat\u00e9gico no s\u00e1bado, 17\/3. Os funcion\u00e1rios e Inspetores Chefes participaram de treinamento de gerenciamento de rotinas. O tema &#8220;Como elaborar planos de a\u00e7\u00e3o&#8221; tamb\u00e9m fez parte do semin\u00e1rio.<\/p>\n<p>O planejamento estrat\u00e9gico faz parte das metas de gest\u00e3o. Ele est\u00e1 sendo implantado pelo Instituto de Desenvolvimento Gerencial, empresa que pertence a Funda\u00e7\u00e3o do grupo Vicente Falconi, que j\u00e1 realizou esse trabalho para os Creas do Paran\u00e1 e Minas Gerais. A empresa far\u00e1 diagn\u00f3stico, com apresenta\u00e7\u00e3o de proposta de implanta\u00e7\u00e3o, acompanhamento e avalia\u00e7\u00e3o em 2007. O projeto est\u00e1 sendo coordenado por S\u00e9rgio Martins e Amaro Gomes, coordenador adjunto, com a assessoria de Rodrigo Esp\u00edndola.<\/p>\n<p>O objetivo maior \u00e9 aproximar o Conselho de profissionais, entidades, institui\u00e7\u00f5es de ensino e comunidade, implantando um novo sistema de planejar as a\u00e7\u00f5es, de forma descentralizada. O presidente do Crea, Raul Zucatto, ressaltou que o Conselho \u00e9 uma autarquia p\u00fablica federal grande e diversificada, que requer aten\u00e7\u00e3o em seu gerenciamento. Para ele, \u00e9 necess\u00e1rio planejar o Conselho para, no m\u00ednimo, os pr\u00f3ximos cinco anos. &#8220;O planejamento estrat\u00e9gico contribuir\u00e1 nesse caminho. Profissionais, empresas e a sociedade certamente ir\u00e3o notar a diferen\u00e7a&#8221;, ressaltou.<\/p>\n<p>Zucatto lembro ainda que o Crea \u00e9 o maior Conselho profissional do Estado. Envolve 36 mil profissionais, cerca de 9,5 mil empresas da \u00e1rea tecnol\u00f3gica, 55 entidades de classe, e cerca de 50 institui\u00e7\u00f5es de ensino que oferecem 170 cursos. Temos uma estrutura de 200 funcion\u00e1rios, que atuam na sede e nas 28 inspetorias e escrit\u00f3rios.<\/p>\n<p>Os pr\u00f3ximos semin\u00e1rios ser\u00e3o realizados em Chapec\u00f3 (24\/3); Florian\u00f3polis (27 a 29\/3) e em Blumenau (31\/3).<\/p>\n<p>Fonte:Crea-SC<\/p>\n","protected":false},"excerpt":{"rendered":"<p>O Crea-SC realizou o terceiro Semin\u00e1rio sobre objetivos, metodologia e calend\u00e1rio de implanta\u00e7\u00e3o do Planejamento Estrat\u00e9gico no s\u00e1bado, 17\/3. Os funcion\u00e1rios e Inspetores Chefes participaram de treinamento de gerenciamento de rotinas. O tema &#8220;Como elaborar planos de a\u00e7\u00e3o&#8221; tamb\u00e9m fez parte do semin\u00e1rio. O planejamento estrat\u00e9gico faz parte das metas de gest\u00e3o. Ele est\u00e1 sendo [&hellip;]<\/p>\n","protected":false},"author":1,"featured_media":0,"comment_status":"open","ping_status":"open","sticky":false,"template":"","format":"standard","meta":{"footnotes":""},"categories":[1],"tags":[],"class_list":["post-7002","post","type-post","status-publish","format-standard","hentry","category-noticias"],"acf":[],"_links":{"self":[{"href":"https:\/\/www.crea-mt.org.br\/portal\/wp-json\/wp\/v2\/posts\/7002","targetHints":{"allow":["GET"]}}],"collection":[{"href":"https:\/\/www.crea-mt.org.br\/portal\/wp-json\/wp\/v2\/posts"}],"about":[{"href":"https:\/\/www.crea-mt.org.br\/portal\/wp-json\/wp\/v2\/types\/post"}],"author":[{"embeddable":true,"href":"https:\/\/www.crea-mt.org.br\/portal\/wp-json\/wp\/v2\/users\/1"}],"replies":[{"embeddable":true,"href":"https:\/\/www.crea-mt.org.br\/portal\/wp-json\/wp\/v2\/comments?post=7002"}],"version-history":[{"count":0,"href":"https:\/\/www.crea-mt.org.br\/portal\/wp-json\/wp\/v2\/posts\/7002\/revisions"}],"wp:attachment":[{"href":"https:\/\/www.crea-mt.org.br\/portal\/wp-json\/wp\/v2\/media?parent=7002"}],"wp:term":[{"taxonomy":"category","embeddable":true,"href":"https:\/\/www.crea-mt.org.br\/portal\/wp-json\/wp\/v2\/categories?post=7002"},{"taxonomy":"post_tag","embeddable":true,"href":"https:\/\/www.crea-mt.org.br\/portal\/wp-json\/wp\/v2\/tags?post=7002"}],"curies":[{"name":"wp","href":"https:\/\/api.w.org\/{rel}","templated":true}]}}