{"id":7001,"date":"2007-03-19T00:00:00","date_gmt":"2007-03-19T03:00:00","guid":{"rendered":"https:\/\/crea-mt.org.br\/portal\/moinhos-brasileiros-temem-crise\/"},"modified":"2007-03-19T00:00:00","modified_gmt":"2007-03-19T03:00:00","slug":"moinhos-brasileiros-temem-crise","status":"publish","type":"post","link":"https:\/\/www.crea-mt.org.br\/portal\/moinhos-brasileiros-temem-crise\/","title":{"rendered":"Moinhos brasileiros temem crise"},"content":{"rendered":"<p>Fonte:Di\u00e1rio de Cuiab\u00e1<\/p>\n<p>Em mais um golpe estrat\u00e9gico, o governo da Argentina autorizou a retomada das exporta\u00e7\u00f5es de farinha de trigo, suspensas desde o dia 8 de mar\u00e7o sob a alega\u00e7\u00e3o de prote\u00e7\u00e3o do abastecimento interno. As exporta\u00e7\u00f5es de trigo, contudo, ainda est\u00e3o suspensas. Para o Brasil, a decis\u00e3o dos argentinos vai afetar gravemente a ind\u00fastria, uma vez que a principal fonte da mat\u00e9ria-prima trigo \u00e9 a Argentina. <\/p>\n<p>&#8220;Seremos obrigados a comprar a farinha deles, pois n\u00e3o teremos trigo para moer visto que eles fecharam as exporta\u00e7\u00f5es e isso ser\u00e1 p\u00e9ssimo para o setor. Nossa ind\u00fastria ficar\u00e1 ociosa. Por isso mesmo pediremos ao governo brasileiro que tome alguma atitude para evitar uma crise dos nossos moinhos. Chegam at\u00e9 ser incoerentes. Eles param de exportar trigo porque temem falta do produto no mercado interno, mas continuam vendendo farinha, sem afetar o pr\u00f3prio desabastecimento&#8221;, afirma Samuel Hosken, presidente da Associa\u00e7\u00e3o Brasileira da Ind\u00fastria do Trigo &#8211; Abitrigo. <\/p>\n<p>No in\u00edcio de mar\u00e7o, a entidade j\u00e1 havia feito apelo sobre a tarifa Externa Comum (TEC) de 10%, que \u00e9 cobrada de mercados fornecedores, que n\u00e3o o da Argentina. A Abitrigo exige TEC de 0% para todos fornecedores de trigo, evitando, assim, a depend\u00eancia dos argentinos. <\/p>\n","protected":false},"excerpt":{"rendered":"<p>Fonte:Di\u00e1rio de Cuiab\u00e1 Em mais um golpe estrat\u00e9gico, o governo da Argentina autorizou a retomada das exporta\u00e7\u00f5es de farinha de trigo, suspensas desde o dia 8 de mar\u00e7o sob a alega\u00e7\u00e3o de prote\u00e7\u00e3o do abastecimento interno. As exporta\u00e7\u00f5es de trigo, contudo, ainda est\u00e3o suspensas. Para o Brasil, a decis\u00e3o dos argentinos vai afetar gravemente a [&hellip;]<\/p>\n","protected":false},"author":1,"featured_media":0,"comment_status":"open","ping_status":"open","sticky":false,"template":"","format":"standard","meta":{"footnotes":""},"categories":[1],"tags":[],"class_list":["post-7001","post","type-post","status-publish","format-standard","hentry","category-noticias"],"acf":[],"_links":{"self":[{"href":"https:\/\/www.crea-mt.org.br\/portal\/wp-json\/wp\/v2\/posts\/7001","targetHints":{"allow":["GET"]}}],"collection":[{"href":"https:\/\/www.crea-mt.org.br\/portal\/wp-json\/wp\/v2\/posts"}],"about":[{"href":"https:\/\/www.crea-mt.org.br\/portal\/wp-json\/wp\/v2\/types\/post"}],"author":[{"embeddable":true,"href":"https:\/\/www.crea-mt.org.br\/portal\/wp-json\/wp\/v2\/users\/1"}],"replies":[{"embeddable":true,"href":"https:\/\/www.crea-mt.org.br\/portal\/wp-json\/wp\/v2\/comments?post=7001"}],"version-history":[{"count":0,"href":"https:\/\/www.crea-mt.org.br\/portal\/wp-json\/wp\/v2\/posts\/7001\/revisions"}],"wp:attachment":[{"href":"https:\/\/www.crea-mt.org.br\/portal\/wp-json\/wp\/v2\/media?parent=7001"}],"wp:term":[{"taxonomy":"category","embeddable":true,"href":"https:\/\/www.crea-mt.org.br\/portal\/wp-json\/wp\/v2\/categories?post=7001"},{"taxonomy":"post_tag","embeddable":true,"href":"https:\/\/www.crea-mt.org.br\/portal\/wp-json\/wp\/v2\/tags?post=7001"}],"curies":[{"name":"wp","href":"https:\/\/api.w.org\/{rel}","templated":true}]}}