{"id":6999,"date":"2007-03-19T00:00:00","date_gmt":"2007-03-19T03:00:00","guid":{"rendered":"https:\/\/crea-mt.org.br\/portal\/expectativa-de-inflacao-para-2007-fica-estavel\/"},"modified":"2007-03-19T00:00:00","modified_gmt":"2007-03-19T03:00:00","slug":"expectativa-de-inflacao-para-2007-fica-estavel","status":"publish","type":"post","link":"https:\/\/www.crea-mt.org.br\/portal\/expectativa-de-inflacao-para-2007-fica-estavel\/","title":{"rendered":"Expectativa de infla\u00e7\u00e3o para 2007 fica est\u00e1vel"},"content":{"rendered":"<p>Fonte: FolhaNews<\/p>\n<p>DF &#8211; Analistas do mercado financeiro mantiveram est\u00e1vel a expectativa de infla\u00e7\u00e3o para o \u00edndice oficial do governo. Segundo o boletim Focus, divulgado semanalmente pelo Banco Central, a proje\u00e7\u00e3o do IPCA (\u00cdndice de Pre\u00e7os ao Consumidor Amplo) de 2007 ficou em 3,87%. <\/p>\n<p>O centro da meta do IPCA para este ano \u00e9 de 4,5%, com margem de toler\u00e2ncia de dois pontos para cima ou para baixo. Em 2006 a meta era a mesma e o IPCA ficou em 3,14%. <\/p>\n<p>Na \u00faltima ter\u00e7a-feira, o ministro Guido Mantega (Fazenda) chegou a dizer que o BC poderia &#8220;tranq\u00fcilamente entregar uma infla\u00e7\u00e3o de 4,5%, 5%&#8221;. No entanto, no dia seguinte, voltou atr\u00e1s e disse que n\u00e3o era favor\u00e1vel a um aumento da infla\u00e7\u00e3o &#8211;no ano passado, o IPCA ficou em 3,14%. A expectativa do IGP-DI (\u00cdndice Geral de Pre\u00e7os &#8211; Disponibilidade Interna) foi elevada de 4,01% 4,05% e a do IGP-M (\u00cdndice Geral de Pre\u00e7os Mercado) passou de 4,06% para 4,11%. <\/p>\n<p>A redu\u00e7\u00e3o da estimativa do IPCA n\u00e3o alterou a aposta dos analistas para a taxa b\u00e1sica de juros. A expectativa \u00e9 que a Selic sofra um corte de apenas 0,25 ponto percentual, para 12,5% ao ano, na pr\u00f3xima reuni\u00e3o do Copom (Comit\u00ea de Pol\u00edtica Monet\u00e1ria), em abril. Para o final do ano, a expectativa \u00e9 que a taxa b\u00e1sica de juros chegue a 11,5% ao ano. <\/p>\n<p>J\u00e1 a expectativa para o PIB (Produto Interno Bruto) foi mantida em 3,5% e, para a produ\u00e7\u00e3o industrial, em 4%. O mesmo aconteceu com a proje\u00e7\u00e3o para o super\u00e1vit da balan\u00e7a comercial, que \u00e9 o saldo positivo entre exporta\u00e7\u00f5es e importa\u00e7\u00f5es. Ele foi mantido em US$ 39,3 bilh\u00f5es. Os analistas esperam ainda que o d\u00f3lar termine o m\u00eas cotado a R$ 2,10 e at\u00e9 o final do ano chegue a R$ 2,12, ante R$ 2,15 do levantamento anterior. <\/p>\n","protected":false},"excerpt":{"rendered":"<p>Fonte: FolhaNews DF &#8211; Analistas do mercado financeiro mantiveram est\u00e1vel a expectativa de infla\u00e7\u00e3o para o \u00edndice oficial do governo. Segundo o boletim Focus, divulgado semanalmente pelo Banco Central, a proje\u00e7\u00e3o do IPCA (\u00cdndice de Pre\u00e7os ao Consumidor Amplo) de 2007 ficou em 3,87%. O centro da meta do IPCA para este ano \u00e9 de [&hellip;]<\/p>\n","protected":false},"author":1,"featured_media":0,"comment_status":"open","ping_status":"open","sticky":false,"template":"","format":"standard","meta":{"footnotes":""},"categories":[1],"tags":[],"class_list":["post-6999","post","type-post","status-publish","format-standard","hentry","category-noticias"],"acf":[],"_links":{"self":[{"href":"https:\/\/www.crea-mt.org.br\/portal\/wp-json\/wp\/v2\/posts\/6999","targetHints":{"allow":["GET"]}}],"collection":[{"href":"https:\/\/www.crea-mt.org.br\/portal\/wp-json\/wp\/v2\/posts"}],"about":[{"href":"https:\/\/www.crea-mt.org.br\/portal\/wp-json\/wp\/v2\/types\/post"}],"author":[{"embeddable":true,"href":"https:\/\/www.crea-mt.org.br\/portal\/wp-json\/wp\/v2\/users\/1"}],"replies":[{"embeddable":true,"href":"https:\/\/www.crea-mt.org.br\/portal\/wp-json\/wp\/v2\/comments?post=6999"}],"version-history":[{"count":0,"href":"https:\/\/www.crea-mt.org.br\/portal\/wp-json\/wp\/v2\/posts\/6999\/revisions"}],"wp:attachment":[{"href":"https:\/\/www.crea-mt.org.br\/portal\/wp-json\/wp\/v2\/media?parent=6999"}],"wp:term":[{"taxonomy":"category","embeddable":true,"href":"https:\/\/www.crea-mt.org.br\/portal\/wp-json\/wp\/v2\/categories?post=6999"},{"taxonomy":"post_tag","embeddable":true,"href":"https:\/\/www.crea-mt.org.br\/portal\/wp-json\/wp\/v2\/tags?post=6999"}],"curies":[{"name":"wp","href":"https:\/\/api.w.org\/{rel}","templated":true}]}}