{"id":6997,"date":"2007-03-19T00:00:00","date_gmt":"2007-03-19T03:00:00","guid":{"rendered":"https:\/\/crea-mt.org.br\/portal\/lula-empossa-tres-ministros-e-nao-confirma-balbinotti\/"},"modified":"2007-03-19T00:00:00","modified_gmt":"2007-03-19T03:00:00","slug":"lula-empossa-tres-ministros-e-nao-confirma-balbinotti","status":"publish","type":"post","link":"https:\/\/www.crea-mt.org.br\/portal\/lula-empossa-tres-ministros-e-nao-confirma-balbinotti\/","title":{"rendered":"Lula empossa tr\u00eas ministros e n\u00e3o confirma Balbinotti"},"content":{"rendered":"<p>Fonte: FolhaNews<\/p>\n<p>Em cerim\u00f4nia no Pal\u00e1cio do Planalto, o presidente Luiz In\u00e1cio Lula da Silva deu posse nesta sexta-feira a tr\u00eas novos ministros: Tarso Genro (Justi\u00e7a), Geddel Vieira Lima (Integra\u00e7\u00e3o Nacional) e Jos\u00e9 Gomes Tempor\u00e3o (Sa\u00fade). Eles substituem M\u00e1rcio Thomaz Bastos (Justi\u00e7a), Pedro Brito (Integra\u00e7\u00e3o Nacional) e Agenor \u00c1lvares (Sa\u00fade). <\/p>\n<p>Lula elogiou os ministros que deixam o cargo. M\u00e1rcio Thomaz Bastos, da Justi\u00e7a, foi o mais citado pelo presidente. &#8220;O Brasil \u00e9 grato por um dia voc\u00ea ter aceito ser ministro da Justi\u00e7a deste pa\u00eds&#8221;, afirmou Lula. Depois brincou. &#8220;E voc\u00ea certamente vai continuar sendo meu advogado, porque quem j\u00e1 foi governador, prefeito, sabe que os processos aparecem quando a gente deixa o cargo&#8221;. <\/p>\n<p>Balbinotti<br \/>\nO presidente disse que a decis\u00e3o sobre os ministros que v\u00e3o compor o seu segundo governo \u00e9 de sua responsabilidade. O coment\u00e1rio foi em resposta \u00e0 pergunta dos jornalistas se ele ir\u00e1 manter a indica\u00e7\u00e3o de Od\u00edlio Balbinotti (PMDB-PR) para o Minist\u00e9rio da Agricultura. O nome de Balbinotti foi sugerido pelo PMDB. Lula teria aceitado a indica\u00e7\u00e3o para agradar ao partido, mesmo sem conhecer o deputado pessoalmente. <\/p>\n<p>A indica\u00e7\u00e3o, no entanto, perdeu for\u00e7a depois de descoberto que Balbinotti vem sendo investigado pelo STF (Supremo Tribunal Federal) por crime de falsidade ideol\u00f3gica em declara\u00e7\u00e3o que ele teria prestado ao Banco do Brasil para obter condi\u00e7\u00f5es especiais de pagamento de empr\u00e9stimo na d\u00e9cada de 90. O PMDB est\u00e1 inclinado a trocar o nome do ministro caso perceba resist\u00eancias do presidente em nome\u00e1-lo. Balbinotti tamb\u00e9m n\u00e3o conta com o apoio da bancada ruralista na C\u00e2mara que o considera muito &#8220;apagado&#8221;. <\/p>\n<p>Em 12 anos de mandato, ele apresentou apenas dois projetos de lei no Congresso, n\u00e3o conseguiu aprovar nenhum. Ele ainda \u00e9 adepto do nepotismo &#8211; tem parentes contratados no seu gabinete na C\u00e2mara. O nepotismo n\u00e3o \u00e9 ilegal, mas \u00e9 eticamente conden\u00e1vel. <\/p>\n","protected":false},"excerpt":{"rendered":"<p>Fonte: FolhaNews Em cerim\u00f4nia no Pal\u00e1cio do Planalto, o presidente Luiz In\u00e1cio Lula da Silva deu posse nesta sexta-feira a tr\u00eas novos ministros: Tarso Genro (Justi\u00e7a), Geddel Vieira Lima (Integra\u00e7\u00e3o Nacional) e Jos\u00e9 Gomes Tempor\u00e3o (Sa\u00fade). Eles substituem M\u00e1rcio Thomaz Bastos (Justi\u00e7a), Pedro Brito (Integra\u00e7\u00e3o Nacional) e Agenor \u00c1lvares (Sa\u00fade). Lula elogiou os ministros que [&hellip;]<\/p>\n","protected":false},"author":1,"featured_media":0,"comment_status":"open","ping_status":"open","sticky":false,"template":"","format":"standard","meta":{"footnotes":""},"categories":[1],"tags":[],"class_list":["post-6997","post","type-post","status-publish","format-standard","hentry","category-noticias"],"acf":[],"_links":{"self":[{"href":"https:\/\/www.crea-mt.org.br\/portal\/wp-json\/wp\/v2\/posts\/6997","targetHints":{"allow":["GET"]}}],"collection":[{"href":"https:\/\/www.crea-mt.org.br\/portal\/wp-json\/wp\/v2\/posts"}],"about":[{"href":"https:\/\/www.crea-mt.org.br\/portal\/wp-json\/wp\/v2\/types\/post"}],"author":[{"embeddable":true,"href":"https:\/\/www.crea-mt.org.br\/portal\/wp-json\/wp\/v2\/users\/1"}],"replies":[{"embeddable":true,"href":"https:\/\/www.crea-mt.org.br\/portal\/wp-json\/wp\/v2\/comments?post=6997"}],"version-history":[{"count":0,"href":"https:\/\/www.crea-mt.org.br\/portal\/wp-json\/wp\/v2\/posts\/6997\/revisions"}],"wp:attachment":[{"href":"https:\/\/www.crea-mt.org.br\/portal\/wp-json\/wp\/v2\/media?parent=6997"}],"wp:term":[{"taxonomy":"category","embeddable":true,"href":"https:\/\/www.crea-mt.org.br\/portal\/wp-json\/wp\/v2\/categories?post=6997"},{"taxonomy":"post_tag","embeddable":true,"href":"https:\/\/www.crea-mt.org.br\/portal\/wp-json\/wp\/v2\/tags?post=6997"}],"curies":[{"name":"wp","href":"https:\/\/api.w.org\/{rel}","templated":true}]}}