{"id":6996,"date":"2007-03-19T00:00:00","date_gmt":"2007-03-19T03:00:00","guid":{"rendered":"https:\/\/crea-mt.org.br\/portal\/quilombolas-sao-retirados-de-area\/"},"modified":"2007-03-19T00:00:00","modified_gmt":"2007-03-19T03:00:00","slug":"quilombolas-sao-retirados-de-area","status":"publish","type":"post","link":"https:\/\/www.crea-mt.org.br\/portal\/quilombolas-sao-retirados-de-area\/","title":{"rendered":"Quilombolas s\u00e3o retirados de \u00e1rea"},"content":{"rendered":"<p>\nFonte: Gazeta de Cuiab\u00e1 <\/p>\n<p>Vinte fam\u00edlias do Quilombo Mata Cavalo, localizado no munic\u00edpio de Nossa Senhora do Livramento, foram despejadas ontem de manh\u00e3, durante um mandado de reintegra\u00e7\u00e3o de posse cumprido pela Pol\u00edcia Federal.  As a\u00e7\u00f5es foram impetradas por fazendeiros que alegam ser os propriet\u00e1rios da \u00e1rea.  Eles conseguiram parecer favor\u00e1vel do juiz da 2\u00aa Vara Federal de Mato Grosso, J\u00e9ferson Schneider.<\/p>\n<p>N\u00e3o houve tumulto, nem resist\u00eancia.  Os quilombolas, por\u00e9m, est\u00e3o revoltados com a situa\u00e7\u00e3o.  A briga pela posse da terra, que soma aproximadamente 14 mil hectares, j\u00e1 dura 14 anos.  A \u00e1rea est\u00e1 divida em v\u00e1rias propriedades em nome de particulares.  Alguns entraram com a\u00e7\u00f5es e discutem a quest\u00e3o.  Os remanescentes de escravos, por sua vez, est\u00e3o divididos em v\u00e1rios acampamentos ao longo da propriedade.  S\u00e3o cerca de 200 fam\u00edlias.  Em janeiro passado um outro despejo tirou 5 fam\u00edlias de uma fazenda.<\/p>\n<p>A secret\u00e1ria da Associa\u00e7\u00e3o Sesmaria Boa Vida Quilombo Mata Cavalo, Gon\u00e7alina Almeida, diz que os quilombolas n\u00e3o ofereceram resist\u00eancia \u00e0 desocupa\u00e7\u00e3o, mas querem um posicionamento do Incra.  A press\u00e3o fez com que o representante da Ouvidoria do Incra nacional, Marco Aur\u00e9lio Rocha, e o integrante do Comit\u00ea de Conflito Agr\u00e1rio do Incra de Mato Grosso, Marco Antonio Rocha e Silva, fossem \u00e0 \u00e1rea ontem tentar um entendimento.<\/p>\n<p>Apesar de ainda n\u00e3o haver um processo de desapropria\u00e7\u00e3o em andamento e sequer o reconhecimento oficial de que a \u00e1rea pertence aos quilombolas, o Incra vai se reunir com os ocupantes para j\u00e1 negociar poss\u00edveis valores para indeniza\u00e7\u00f5es.  Antrop\u00f3logos do Incra est\u00e3o promovendo estudos que dir\u00e3o se a \u00e1rea \u00e9 ou n\u00e3o remanescente de quilombo.  Os ocupantes da terra est\u00e3o sendo notificados a se manifestar.  Se a conclus\u00e3o for que a \u00e1rea \u00e9 remanescente de quilombo, o Incra publica uma portaria e inicia-se uma a\u00e7\u00e3o de desapropria\u00e7\u00e3o contra os atuais ocupantes (fazendeiros).<\/p>\n<p>Uma reuni\u00e3o marcada para hoje \u00e0s 8h30 na sede do Incra, em Cuiab\u00e1, vai colocar juntos representantes dos quilombolas de Mata Cavalo e ocupantes das terras pleiteadas pelos remanescentes de escravos.<\/p>\n","protected":false},"excerpt":{"rendered":"<p>Fonte: Gazeta de Cuiab\u00e1 Vinte fam\u00edlias do Quilombo Mata Cavalo, localizado no munic\u00edpio de Nossa Senhora do Livramento, foram despejadas ontem de manh\u00e3, durante um mandado de reintegra\u00e7\u00e3o de posse cumprido pela Pol\u00edcia Federal. As a\u00e7\u00f5es foram impetradas por fazendeiros que alegam ser os propriet\u00e1rios da \u00e1rea. Eles conseguiram parecer favor\u00e1vel do juiz da 2\u00aa [&hellip;]<\/p>\n","protected":false},"author":1,"featured_media":0,"comment_status":"open","ping_status":"open","sticky":false,"template":"","format":"standard","meta":{"footnotes":""},"categories":[1],"tags":[],"class_list":["post-6996","post","type-post","status-publish","format-standard","hentry","category-noticias"],"acf":[],"_links":{"self":[{"href":"https:\/\/www.crea-mt.org.br\/portal\/wp-json\/wp\/v2\/posts\/6996","targetHints":{"allow":["GET"]}}],"collection":[{"href":"https:\/\/www.crea-mt.org.br\/portal\/wp-json\/wp\/v2\/posts"}],"about":[{"href":"https:\/\/www.crea-mt.org.br\/portal\/wp-json\/wp\/v2\/types\/post"}],"author":[{"embeddable":true,"href":"https:\/\/www.crea-mt.org.br\/portal\/wp-json\/wp\/v2\/users\/1"}],"replies":[{"embeddable":true,"href":"https:\/\/www.crea-mt.org.br\/portal\/wp-json\/wp\/v2\/comments?post=6996"}],"version-history":[{"count":0,"href":"https:\/\/www.crea-mt.org.br\/portal\/wp-json\/wp\/v2\/posts\/6996\/revisions"}],"wp:attachment":[{"href":"https:\/\/www.crea-mt.org.br\/portal\/wp-json\/wp\/v2\/media?parent=6996"}],"wp:term":[{"taxonomy":"category","embeddable":true,"href":"https:\/\/www.crea-mt.org.br\/portal\/wp-json\/wp\/v2\/categories?post=6996"},{"taxonomy":"post_tag","embeddable":true,"href":"https:\/\/www.crea-mt.org.br\/portal\/wp-json\/wp\/v2\/tags?post=6996"}],"curies":[{"name":"wp","href":"https:\/\/api.w.org\/{rel}","templated":true}]}}