{"id":6995,"date":"2007-03-19T00:00:00","date_gmt":"2007-03-19T03:00:00","guid":{"rendered":"https:\/\/crea-mt.org.br\/portal\/queimadas-avancam-cem-focos-identificados-em-um-dia\/"},"modified":"2007-03-19T00:00:00","modified_gmt":"2007-03-19T03:00:00","slug":"queimadas-avancam-cem-focos-identificados-em-um-dia","status":"publish","type":"post","link":"https:\/\/www.crea-mt.org.br\/portal\/queimadas-avancam-cem-focos-identificados-em-um-dia\/","title":{"rendered":"Queimadas Avan\u00e7am &#8211; Cem focos identificados em um dia"},"content":{"rendered":"<p>Fonte: Folha de Boa Vista <\/p>\n<p>Somente no domingo passado foram 641 focos registrados em todo o Estado<\/p>\n<p>A Defesa Civil informou que somente ontem a quantidade de focos de calor no Estado subiu de 19 (detectados na quarta-feira) para 119.  A distribui\u00e7\u00e3o desses focos identificou que 25 est\u00e3o em Mucaja\u00ed, 19 em Iracema, 14 no Amajari, 11 em Pacaraima, 11 em Alto Alegre, 10 no Uiramut\u00e3, 9 em Normandia, 7 no Bonfim, tr\u00eas em S\u00e3o Luiz, dois no Cant\u00e1 e oito em Boa Vista.<\/p>\n<p>Para facilitar a identifica\u00e7\u00e3o de locais de inc\u00eandios, o Corpo de Bombeiros realiza quase que diariamente sobrev\u00f4os para vistoriar as \u00e1reas afetadas e na expectativa de identificar \u00e1reas de derrubadas, queimadas ou em processo de queima.<\/p>\n<p>Conforme informa\u00e7\u00f5es do Inpe\/Ceptec, respons\u00e1vel pela detec\u00e7\u00e3o orbital dos focos de calor, somente no domingo ocorreram 641 focos, o maior n\u00famero desde o in\u00edcio da opera\u00e7\u00e3o.<\/p>\n<p>Com a precipita\u00e7\u00e3o ocorrida na segunda e ter\u00e7a-feira em algumas regi\u00f5es, como Mucaja\u00ed, Alto Alegre, Amajari, Pacaraima e Cant\u00e1, a quantidade de focos caiu, mas na manh\u00e3 de ontem elevou-se novamente.  &#8220;Mesmo com as chuvas ocasionais, o Corpo de Bombeiros continua em regime de prontid\u00e3o aguardando a chegada definitiva do per\u00edodo chuvoso&#8221;, informou a Assessoria de Imprensa do \u00f3rg\u00e3o.<\/p>\n<p>Por causa da instabilidade o risco de inc\u00eandio continua alto.  A elevada temperatura e o longo per\u00edodo seco s\u00e3o agravantes.  Mesmo com chuvas em situa\u00e7\u00f5es curtas e variadas, tal situa\u00e7\u00e3o n\u00e3o extingue a baixa umidade do ar e do material combust\u00edvel, que vem desde meados de novembro.  Segundo informa\u00e7\u00f5es do Inpe (Instituto Nacional de Pesquisas Espaciais), as primeiras chuvas devem ocorrer somente ap\u00f3s o dia 25 de mar\u00e7o.<\/p>\n<p>Atualmente, as regi\u00f5es mais preocupantes s\u00e3o aquelas em que h\u00e1 projetos de assentamento rural.  Conforme verifica\u00e7\u00e3o do Corpo de Bombeiros, v\u00e1rios colonos est\u00e3o com lotes prontos para queimar, pois a maioria aproveita as chuvas ocasionais para iniciar a queimada em seus lotes.<\/p>\n<p>No Campos Novos, o Projeto Ajanari possui mais de 30 lotes para serem queimados.  &#8220;Em reuni\u00e3o realizada recentemente, os bombeiros conscientizaram os produtores quanto aos cuidados preliminares com as queimadas e o motivo para que a queima n\u00e3o seja realizada nesse per\u00edodo.<\/p>\n<p>Outros locais foram verificados, como no Cant\u00e1, o Projeto de Assentamento Tatajuba, tamb\u00e9m esperando oportunidade para queima de ro\u00e7as.  Ainda na regi\u00e3o do Trair\u00e3o (Vila de Marac\u00e1), h\u00e1 o Projeto de Assentamento Vila Nova tamb\u00e9m aguardando libera\u00e7\u00e3o para queimar&#8221;, acrescentou a assessoria.<\/p>\n<p>Femact &#8211; A Funda\u00e7\u00e3o Estadual de Meio Ambiente, Ci\u00eancia e Tecnologia divulgou esta semana um mapa referente ao m\u00eas de fevereiro, em que foram detectados 3.299 focos no Estado.  Somente dia 20 de fevereiro foram 318.  Nos primeiros 15 dias do m\u00eas de mar\u00e7o foram 1.552 focos, com picos de at\u00e9 449 casos.<\/p>\n","protected":false},"excerpt":{"rendered":"<p>Fonte: Folha de Boa Vista Somente no domingo passado foram 641 focos registrados em todo o Estado A Defesa Civil informou que somente ontem a quantidade de focos de calor no Estado subiu de 19 (detectados na quarta-feira) para 119. A distribui\u00e7\u00e3o desses focos identificou que 25 est\u00e3o em Mucaja\u00ed, 19 em Iracema, 14 no [&hellip;]<\/p>\n","protected":false},"author":1,"featured_media":0,"comment_status":"open","ping_status":"open","sticky":false,"template":"","format":"standard","meta":{"footnotes":""},"categories":[1],"tags":[],"class_list":["post-6995","post","type-post","status-publish","format-standard","hentry","category-noticias"],"acf":[],"_links":{"self":[{"href":"https:\/\/www.crea-mt.org.br\/portal\/wp-json\/wp\/v2\/posts\/6995","targetHints":{"allow":["GET"]}}],"collection":[{"href":"https:\/\/www.crea-mt.org.br\/portal\/wp-json\/wp\/v2\/posts"}],"about":[{"href":"https:\/\/www.crea-mt.org.br\/portal\/wp-json\/wp\/v2\/types\/post"}],"author":[{"embeddable":true,"href":"https:\/\/www.crea-mt.org.br\/portal\/wp-json\/wp\/v2\/users\/1"}],"replies":[{"embeddable":true,"href":"https:\/\/www.crea-mt.org.br\/portal\/wp-json\/wp\/v2\/comments?post=6995"}],"version-history":[{"count":0,"href":"https:\/\/www.crea-mt.org.br\/portal\/wp-json\/wp\/v2\/posts\/6995\/revisions"}],"wp:attachment":[{"href":"https:\/\/www.crea-mt.org.br\/portal\/wp-json\/wp\/v2\/media?parent=6995"}],"wp:term":[{"taxonomy":"category","embeddable":true,"href":"https:\/\/www.crea-mt.org.br\/portal\/wp-json\/wp\/v2\/categories?post=6995"},{"taxonomy":"post_tag","embeddable":true,"href":"https:\/\/www.crea-mt.org.br\/portal\/wp-json\/wp\/v2\/tags?post=6995"}],"curies":[{"name":"wp","href":"https:\/\/api.w.org\/{rel}","templated":true}]}}