{"id":6992,"date":"2007-03-19T00:00:00","date_gmt":"2007-03-19T03:00:00","guid":{"rendered":"https:\/\/crea-mt.org.br\/portal\/fpi-crea-mt-fiscaliza-drogarias-da-grande-cuiaba\/"},"modified":"2007-03-19T00:00:00","modified_gmt":"2007-03-19T03:00:00","slug":"fpi-crea-mt-fiscaliza-drogarias-da-grande-cuiaba","status":"publish","type":"post","link":"https:\/\/www.crea-mt.org.br\/portal\/fpi-crea-mt-fiscaliza-drogarias-da-grande-cuiaba\/","title":{"rendered":"FPI &#8211; Crea-MT fiscaliza drogarias da Grande Cuiab\u00e1"},"content":{"rendered":"<p>No total, 29 estabelecimentos comerciais de Cuiab\u00e1 e V\u00e1rzea Grande ser\u00e3o visitados<\/p>\n<p>A Fiscaliza\u00e7\u00e3o Preventiva Integrada (FPI), coordenada pelo Conselho Regional de Engenharia, Arquitetura e Agronomia de Mato Grosso (Crea-MT), inicia nesta segunda-feira (19.03), com previs\u00e3o de 11 dias, a fiscaliza\u00e7\u00e3o de 29 drogarias nas cidades de Cuiab\u00e1 e V\u00e1rzea Grande.<\/p>\n<p>De acordo com o coordenador da FPI, Reynaldo de Magalh\u00e3es Passos, durante a a\u00e7\u00e3o ser\u00e1 observado se o estabelecimento comercial cumpre normas e seguran\u00e7as; al\u00e9m da manuten\u00e7\u00e3o estrutural, el\u00e9trica, hidr\u00e1ulica, de combate a inc\u00eandio, higi\u00eanico-sanit\u00e1ria; acessibilidade para deficientes, e; a exist\u00eancia de um farmac\u00eautico respons\u00e1vel pelas atividades das farm\u00e1cias e drogarias.<\/p>\n<p>&#8220;Com essa a\u00e7\u00e3o vamos avaliar a situa\u00e7\u00e3o do mercado nesse setor e se o estabelecimento comercial segue essas normas de seguran\u00e7a&#8221;, lembrou o presidente do Crea-MT, Tarciso Bassan.<\/p>\n<p>A fiscaliza\u00e7\u00e3o possui car\u00e1ter preventivo e de orienta\u00e7\u00e3o. Se, por\u00e9m, forem encontrados casos graves, os fiscais v\u00e3o agir com medidas en\u00e9rgicas, notificando a drogaria atrav\u00e9s do Minist\u00e9rio P\u00fablico Estadual (MPU). Para esclarecer d\u00favidas ou fazer den\u00fancias basta entrar em contato com a equipe de fiscaliza\u00e7\u00e3o do Crea-MT pelo telefone 3315-3028. <\/p>\n<p>Participam da a\u00e7\u00e3o de fiscaliza\u00e7\u00e3o o Conselho Regional de Farm\u00e1cia (CRF), o Corpo de Bombeiros, prefeituras, Vigil\u00e2ncia Sanit\u00e1ria e Procon. Este \u00faltimo verificar\u00e1 a exist\u00eancia de tabelas de pre\u00e7o dos medicamentos em local de f\u00e1cil acesso para o consumidor, al\u00e9m da data de validade dos produtos e lista de gen\u00e9ricos \u00e0 disposi\u00e7\u00e3o.<\/p>\n<p>*Rafaela Maximiano<br \/>\nAssessoria\/Crea-MT<\/p>\n","protected":false},"excerpt":{"rendered":"<p>No total, 29 estabelecimentos comerciais de Cuiab\u00e1 e V\u00e1rzea Grande ser\u00e3o visitados A Fiscaliza\u00e7\u00e3o Preventiva Integrada (FPI), coordenada pelo Conselho Regional de Engenharia, Arquitetura e Agronomia de Mato Grosso (Crea-MT), inicia nesta segunda-feira (19.03), com previs\u00e3o de 11 dias, a fiscaliza\u00e7\u00e3o de 29 drogarias nas cidades de Cuiab\u00e1 e V\u00e1rzea Grande. De acordo com o [&hellip;]<\/p>\n","protected":false},"author":1,"featured_media":0,"comment_status":"open","ping_status":"open","sticky":false,"template":"","format":"standard","meta":{"footnotes":""},"categories":[1],"tags":[],"class_list":["post-6992","post","type-post","status-publish","format-standard","hentry","category-noticias"],"acf":[],"_links":{"self":[{"href":"https:\/\/www.crea-mt.org.br\/portal\/wp-json\/wp\/v2\/posts\/6992","targetHints":{"allow":["GET"]}}],"collection":[{"href":"https:\/\/www.crea-mt.org.br\/portal\/wp-json\/wp\/v2\/posts"}],"about":[{"href":"https:\/\/www.crea-mt.org.br\/portal\/wp-json\/wp\/v2\/types\/post"}],"author":[{"embeddable":true,"href":"https:\/\/www.crea-mt.org.br\/portal\/wp-json\/wp\/v2\/users\/1"}],"replies":[{"embeddable":true,"href":"https:\/\/www.crea-mt.org.br\/portal\/wp-json\/wp\/v2\/comments?post=6992"}],"version-history":[{"count":0,"href":"https:\/\/www.crea-mt.org.br\/portal\/wp-json\/wp\/v2\/posts\/6992\/revisions"}],"wp:attachment":[{"href":"https:\/\/www.crea-mt.org.br\/portal\/wp-json\/wp\/v2\/media?parent=6992"}],"wp:term":[{"taxonomy":"category","embeddable":true,"href":"https:\/\/www.crea-mt.org.br\/portal\/wp-json\/wp\/v2\/categories?post=6992"},{"taxonomy":"post_tag","embeddable":true,"href":"https:\/\/www.crea-mt.org.br\/portal\/wp-json\/wp\/v2\/tags?post=6992"}],"curies":[{"name":"wp","href":"https:\/\/api.w.org\/{rel}","templated":true}]}}