{"id":6991,"date":"2007-03-19T00:00:00","date_gmt":"2007-03-19T03:00:00","guid":{"rendered":"https:\/\/crea-mt.org.br\/portal\/abenc-palestra-vai-discutir-a-legislacao-urbana-de-cuiaba-3\/"},"modified":"2007-03-19T00:00:00","modified_gmt":"2007-03-19T03:00:00","slug":"abenc-palestra-vai-discutir-a-legislacao-urbana-de-cuiaba-3","status":"publish","type":"post","link":"https:\/\/www.crea-mt.org.br\/portal\/abenc-palestra-vai-discutir-a-legislacao-urbana-de-cuiaba-3\/","title":{"rendered":"ABENC &#8211; Palestra vai discutir a legisla\u00e7\u00e3o urbana de Cuiab\u00e1"},"content":{"rendered":"<p>A Associa\u00e7\u00e3o Brasileira de Engenheiros Civis de Mato Grosso (ABENC-MT) em parceria com a Secretaria Municipal de Meio Ambiente e Desenvolvimento Urbano de Cuiab\u00e1, realizam dia 22 de mar\u00e7o, o &#8220;I Ciclo de Palestras de Atualiza\u00e7\u00e3o em Legisla\u00e7\u00e3o Urbana de Cuiab\u00e1&#8221;.<\/p>\n<p>O evento que est\u00e1 marcado para acorrer \u00e0s 18h30 no audit\u00f3rio do Cuiab\u00e1 Lar Shopping abordar\u00e1 os temas: o uso do solo, aprova\u00e7\u00e3o de projetos, obten\u00e7\u00e3o de alvar\u00e1 e habite-se. <\/p>\n<p>&#8220;Apesar de destinada a engenheiros e arquitetos as palestras abordam assuntos que interessam a toda sociedade. Vale a pena participar&#8221;, avaliou o presidente do Conselho Regional de Engenharia, Arquitetura e Agronomia de Mato Grosso, Tarciso Bassan.<\/p>\n<p>As inscri\u00e7\u00f5es s\u00e3o gratuitas e devem ser feitas junto a ABENC-MT, pelo telefone 3624-2709 ou pelo E-mail: abencmt@crea-mt.org.br.<\/p>\n<p>*Cristina Cavaleiro<br \/>\nAssessoria\/Especial para o Crea-MT<\/p>\n<p>*Rafaela Maximiano<br \/>\nAssessoria\/Crea-MT<\/p>\n","protected":false},"excerpt":{"rendered":"<p>A Associa\u00e7\u00e3o Brasileira de Engenheiros Civis de Mato Grosso (ABENC-MT) em parceria com a Secretaria Municipal de Meio Ambiente e Desenvolvimento Urbano de Cuiab\u00e1, realizam dia 22 de mar\u00e7o, o &#8220;I Ciclo de Palestras de Atualiza\u00e7\u00e3o em Legisla\u00e7\u00e3o Urbana de Cuiab\u00e1&#8221;. O evento que est\u00e1 marcado para acorrer \u00e0s 18h30 no audit\u00f3rio do Cuiab\u00e1 Lar [&hellip;]<\/p>\n","protected":false},"author":1,"featured_media":0,"comment_status":"open","ping_status":"open","sticky":false,"template":"","format":"standard","meta":{"footnotes":""},"categories":[1],"tags":[],"class_list":["post-6991","post","type-post","status-publish","format-standard","hentry","category-noticias"],"acf":[],"_links":{"self":[{"href":"https:\/\/www.crea-mt.org.br\/portal\/wp-json\/wp\/v2\/posts\/6991","targetHints":{"allow":["GET"]}}],"collection":[{"href":"https:\/\/www.crea-mt.org.br\/portal\/wp-json\/wp\/v2\/posts"}],"about":[{"href":"https:\/\/www.crea-mt.org.br\/portal\/wp-json\/wp\/v2\/types\/post"}],"author":[{"embeddable":true,"href":"https:\/\/www.crea-mt.org.br\/portal\/wp-json\/wp\/v2\/users\/1"}],"replies":[{"embeddable":true,"href":"https:\/\/www.crea-mt.org.br\/portal\/wp-json\/wp\/v2\/comments?post=6991"}],"version-history":[{"count":0,"href":"https:\/\/www.crea-mt.org.br\/portal\/wp-json\/wp\/v2\/posts\/6991\/revisions"}],"wp:attachment":[{"href":"https:\/\/www.crea-mt.org.br\/portal\/wp-json\/wp\/v2\/media?parent=6991"}],"wp:term":[{"taxonomy":"category","embeddable":true,"href":"https:\/\/www.crea-mt.org.br\/portal\/wp-json\/wp\/v2\/categories?post=6991"},{"taxonomy":"post_tag","embeddable":true,"href":"https:\/\/www.crea-mt.org.br\/portal\/wp-json\/wp\/v2\/tags?post=6991"}],"curies":[{"name":"wp","href":"https:\/\/api.w.org\/{rel}","templated":true}]}}