{"id":6989,"date":"2007-03-20T00:00:00","date_gmt":"2007-03-20T03:00:00","guid":{"rendered":"https:\/\/crea-mt.org.br\/portal\/semana-da-agua-tera-palestras-e-apresentacao-de-estudos\/"},"modified":"2007-03-20T00:00:00","modified_gmt":"2007-03-20T03:00:00","slug":"semana-da-agua-tera-palestras-e-apresentacao-de-estudos","status":"publish","type":"post","link":"https:\/\/www.crea-mt.org.br\/portal\/semana-da-agua-tera-palestras-e-apresentacao-de-estudos\/","title":{"rendered":"Semana da \u00c1gua ter\u00e1 palestras e apresenta\u00e7\u00e3o de estudos"},"content":{"rendered":"<p>Come\u00e7ou nesta segunda-feira (19), em Campo Grande, uma s\u00e9rie de atividades em comemora\u00e7\u00e3o \u00e0 Semana da \u00c1gua. Na sede do Crea-MS, foi realizado um debate sobre as diretrizes nacionais para o saneamento b\u00e1sico. Na noite de ontem, foi exibido na OAB o document\u00e1rio vencedor de Oscar este ano &#8220;Uma verdade inconveniente&#8221;, que fala do aquecimento globar. <\/p>\n<p>Na ter\u00e7a-feira, a programa\u00e7\u00e3o segue na Secretaria de Meio Ambiente, em frente ao Pa\u00e7o Municipal, \u00e0s 16h, com a apresenta\u00e7\u00e3o de uma pesquisa da WWF sobre o que as pessoas pensam sobre a \u00e1gua no Brasil. <\/p>\n<p>Na quarta-feira, a Pol\u00edcia Militar Ambiental fala de seus 20 anos de trabalho durante evento na C\u00e2mara de Vereadores, \u00e0s 9h. No mesmo dia, \u00e0s 20h, as mudan\u00e7as clim\u00e1ticas ser\u00e3o debatidas no Cecap (Centro da Capacita\u00e7\u00e3o da Prefeitura), em frente ao Horto Florestal. <\/p>\n<p>A programa\u00e7\u00e3o prossegue na quinta, cedo, com apresenta\u00e7\u00e3o de um projeto de reserva do condom\u00ednio Damha e um estudo da \u00c1guas Guariroba sobre a reserva com o mesmo nome, principal fonte para o abastecimento da cidade. \u00c0 tarde, segue com divulga\u00e7\u00e3o do projeto Brasil das \u00c1guas e \u00e0s 15h com descerramento de placas identificadoras dos c\u00f3rregos da cidade. <\/p>\n<p>Na sexta, no gabinete do prefeito Nelson Trad Filho, ser\u00e1 assinado conv\u00eanio sobre a destina\u00e7\u00e3o das l\u00e2mpadas e reatores da ilumina\u00e7\u00e3o p\u00fablica.<\/p>\n<p>O Dia Mundial da \u00c1gua \u00e9 comemorado em 22 de fevereiro desde 1993, quando a data foi institu\u00edda pela ONU (Organiza\u00e7\u00e3o das Na\u00e7\u00f5es Unidas). <\/p>\n<p>Fonte: Campo Grande News<\/p>\n","protected":false},"excerpt":{"rendered":"<p>Come\u00e7ou nesta segunda-feira (19), em Campo Grande, uma s\u00e9rie de atividades em comemora\u00e7\u00e3o \u00e0 Semana da \u00c1gua. Na sede do Crea-MS, foi realizado um debate sobre as diretrizes nacionais para o saneamento b\u00e1sico. Na noite de ontem, foi exibido na OAB o document\u00e1rio vencedor de Oscar este ano &#8220;Uma verdade inconveniente&#8221;, que fala do aquecimento [&hellip;]<\/p>\n","protected":false},"author":1,"featured_media":0,"comment_status":"open","ping_status":"open","sticky":false,"template":"","format":"standard","meta":{"footnotes":""},"categories":[1],"tags":[],"class_list":["post-6989","post","type-post","status-publish","format-standard","hentry","category-noticias"],"acf":[],"_links":{"self":[{"href":"https:\/\/www.crea-mt.org.br\/portal\/wp-json\/wp\/v2\/posts\/6989","targetHints":{"allow":["GET"]}}],"collection":[{"href":"https:\/\/www.crea-mt.org.br\/portal\/wp-json\/wp\/v2\/posts"}],"about":[{"href":"https:\/\/www.crea-mt.org.br\/portal\/wp-json\/wp\/v2\/types\/post"}],"author":[{"embeddable":true,"href":"https:\/\/www.crea-mt.org.br\/portal\/wp-json\/wp\/v2\/users\/1"}],"replies":[{"embeddable":true,"href":"https:\/\/www.crea-mt.org.br\/portal\/wp-json\/wp\/v2\/comments?post=6989"}],"version-history":[{"count":0,"href":"https:\/\/www.crea-mt.org.br\/portal\/wp-json\/wp\/v2\/posts\/6989\/revisions"}],"wp:attachment":[{"href":"https:\/\/www.crea-mt.org.br\/portal\/wp-json\/wp\/v2\/media?parent=6989"}],"wp:term":[{"taxonomy":"category","embeddable":true,"href":"https:\/\/www.crea-mt.org.br\/portal\/wp-json\/wp\/v2\/categories?post=6989"},{"taxonomy":"post_tag","embeddable":true,"href":"https:\/\/www.crea-mt.org.br\/portal\/wp-json\/wp\/v2\/tags?post=6989"}],"curies":[{"name":"wp","href":"https:\/\/api.w.org\/{rel}","templated":true}]}}