{"id":6986,"date":"2007-03-20T00:00:00","date_gmt":"2007-03-20T03:00:00","guid":{"rendered":"https:\/\/crea-mt.org.br\/portal\/consorcio-prioriza-desenvolvimento\/"},"modified":"2007-03-20T00:00:00","modified_gmt":"2007-03-20T03:00:00","slug":"consorcio-prioriza-desenvolvimento","status":"publish","type":"post","link":"https:\/\/www.crea-mt.org.br\/portal\/consorcio-prioriza-desenvolvimento\/","title":{"rendered":"Cons\u00f3rcio prioriza desenvolvimento"},"content":{"rendered":"<p>Fonte:Di\u00e1rio de Cuiab\u00e1 <\/p>\n<p>Prioridade de investimentos para a cadeia produtiva do leite. Este foi o compromisso firmado pelo governador em exerc\u00edcio, Silval Barbosa, com 11 prefeitos de munic\u00edpios do Nort\u00e3o, durante a reuni\u00e3o do Cons\u00f3rcio Intermunicipal de Desenvolvimento Sustent\u00e1vel Portal do Amaz\u00f4nia, ocorrida no \u00faltimo s\u00e1bado, 17, em Nova Cana\u00e3 do Norte. O governador tamb\u00e9m firmou com os prefeitos o compromisso de fortalecer os cons\u00f3rcios intermunicipais. &#8220;Queremos constituir 14 cons\u00f3rcios no estado. J\u00e1 temos 10 em funcionamento e as primeiras a\u00e7\u00f5es come\u00e7am a dar resultados positivos&#8221;, comemorou.<\/p>\n","protected":false},"excerpt":{"rendered":"<p>Fonte:Di\u00e1rio de Cuiab\u00e1 Prioridade de investimentos para a cadeia produtiva do leite. Este foi o compromisso firmado pelo governador em exerc\u00edcio, Silval Barbosa, com 11 prefeitos de munic\u00edpios do Nort\u00e3o, durante a reuni\u00e3o do Cons\u00f3rcio Intermunicipal de Desenvolvimento Sustent\u00e1vel Portal do Amaz\u00f4nia, ocorrida no \u00faltimo s\u00e1bado, 17, em Nova Cana\u00e3 do Norte. O governador tamb\u00e9m [&hellip;]<\/p>\n","protected":false},"author":1,"featured_media":0,"comment_status":"open","ping_status":"open","sticky":false,"template":"","format":"standard","meta":{"footnotes":""},"categories":[1],"tags":[],"class_list":["post-6986","post","type-post","status-publish","format-standard","hentry","category-noticias"],"acf":[],"_links":{"self":[{"href":"https:\/\/www.crea-mt.org.br\/portal\/wp-json\/wp\/v2\/posts\/6986","targetHints":{"allow":["GET"]}}],"collection":[{"href":"https:\/\/www.crea-mt.org.br\/portal\/wp-json\/wp\/v2\/posts"}],"about":[{"href":"https:\/\/www.crea-mt.org.br\/portal\/wp-json\/wp\/v2\/types\/post"}],"author":[{"embeddable":true,"href":"https:\/\/www.crea-mt.org.br\/portal\/wp-json\/wp\/v2\/users\/1"}],"replies":[{"embeddable":true,"href":"https:\/\/www.crea-mt.org.br\/portal\/wp-json\/wp\/v2\/comments?post=6986"}],"version-history":[{"count":0,"href":"https:\/\/www.crea-mt.org.br\/portal\/wp-json\/wp\/v2\/posts\/6986\/revisions"}],"wp:attachment":[{"href":"https:\/\/www.crea-mt.org.br\/portal\/wp-json\/wp\/v2\/media?parent=6986"}],"wp:term":[{"taxonomy":"category","embeddable":true,"href":"https:\/\/www.crea-mt.org.br\/portal\/wp-json\/wp\/v2\/categories?post=6986"},{"taxonomy":"post_tag","embeddable":true,"href":"https:\/\/www.crea-mt.org.br\/portal\/wp-json\/wp\/v2\/tags?post=6986"}],"curies":[{"name":"wp","href":"https:\/\/api.w.org\/{rel}","templated":true}]}}